{"id":97640,"date":"2023-03-09T09:44:47","date_gmt":"2023-03-09T15:44:47","guid":{"rendered":"https:\/\/nvnoticias.mx\/?p=97640"},"modified":"2023-03-09T09:44:49","modified_gmt":"2023-03-09T15:44:49","slug":"sorprende-inflacion-con-desaceleracion-a-7-62-en-febrero","status":"publish","type":"post","link":"https:\/\/nvnoticias.mx\/index.php\/2023\/03\/09\/sorprende-inflacion-con-desaceleracion-a-7-62-en-febrero\/","title":{"rendered":"\u2018Sorprende\u2019 inflaci\u00f3n con desaceleraci\u00f3n a 7.62% en febrero"},"content":{"rendered":"\n<p>La inflaci\u00f3n\u00a0<strong>se desaceler\u00f3 en febrero\u00a0<\/strong>y lleg\u00f3\u00a0<strong>a 7.62 por ciento<\/strong>, desde\u00a0<strong>el 7.91 por ciento de enero<\/strong>, inform\u00f3 este jueves el Instituto Nacional de Estad\u00edstica y Geograf\u00eda (Inegi).<\/p>\n\n\n\n<p>El dato result\u00f3 mejor\u00a0<strong>al 7.67 por ciento<\/strong>\u00a0estimado por\u00a0<strong>analistas encuestados por Citibanamex<\/strong>.<\/p>\n\n\n\n<p>A pesar de la desaceleraci\u00f3n, la inflaci\u00f3n acumula<strong>\u00a024 meses fuera del rango objetivo del\u00a0Banco de M\u00e9xico<\/strong>\u00a0(Banxico) que es de es de 3 por ciento +\/- un punto porcentual, y est\u00e1 a un mes de igualar su racha m\u00e1s prolongada fuera de la meta, que data de<strong>\u00a0enero de 2017 a enero de 2019<\/strong>.<\/p>\n\n\n\n<p>Respecto a enero,\u00a0<strong>el \u00cdndice Nacional de Precios al Consumidor (INPC)<\/strong>\u00a0avanz\u00f3 0.56 por ciento, el incremento m\u00e1s moderado, para un mismo periodo desde 2020, y tambi\u00e9n fue menor a 0.68 por ciento que se report\u00f3 en enero, respecto a diciembre.<\/p>\n\n\n\n<p>El dato mensual tambi\u00e9n fue mejor a 0.61 previsto por el mercado, indic\u00f3 el Instituto.<\/p>\n\n\n\n<p>Los datos del segundo mes del a\u00f1o se dan en el contexto de\u00a0<strong>un mayor apretamiento monetario<\/strong>, pues Banxico subi\u00f3 en 50 puntos base su tasa de referencia a 11 por ciento.<\/p>\n\n\n\n<p>Del lado subyacente, que excluye&nbsp;<strong>a los bienes y servicios con precios m\u00e1s vol\u00e1tiles&nbsp;<\/strong>como los agropecuarios, energ\u00e9ticos y tarifas del gobierno, se observ\u00f3<strong>&nbsp;una tasa de 8.29 por ciento<\/strong>, menor al 8.45 por ciento de enero.<\/p>\n\n\n\n<p>El dato tambi\u00e9n result\u00f3 mejor a la expectativa de 8.34 por ciento pronosticado por analistas.<\/p>\n\n\n\n<p>Fuente: <a href=\"https:\/\/www.elfinanciero.com.mx\/economia\/2023\/03\/09\/inflacion-en-mexico-se-desacelera-en-febrero-este-es-su-nivel\/\" data-type=\"URL\" data-id=\"https:\/\/www.elfinanciero.com.mx\/economia\/2023\/03\/09\/inflacion-en-mexico-se-desacelera-en-febrero-este-es-su-nivel\/\">El Financiero<\/a> <\/p>\n","protected":false},"excerpt":{"rendered":"<p>La inflaci\u00f3n\u00a0se desaceler\u00f3 en febrero\u00a0y lleg\u00f3\u00a0a 7.62 por ciento, desde\u00a0el 7.91 por ciento de enero, inform\u00f3 este jueves el Instituto Nacional de Estad\u00edstica y Geograf\u00eda (Inegi). El dato result\u00f3 mejor\u00a0al 7.67 por ciento\u00a0estimado por\u00a0analistas encuestados por Citibanamex. A pesar de la desaceleraci\u00f3n, la inflaci\u00f3n acumula\u00a024 meses fuera del rango objetivo del\u00a0Banco de M\u00e9xico\u00a0(Banxico) que es [&hellip;]<\/p>\n","protected":false},"author":35,"featured_media":31865,"comment_status":"open","ping_status":"open","sticky":false,"template":"","format":"standard","meta":{"_monsterinsights_skip_tracking":false,"_monsterinsights_sitenote_active":false,"_monsterinsights_sitenote_note":"","_monsterinsights_sitenote_category":0,"footnotes":""},"categories":[157],"tags":[8609,2978,162,8223],"class_list":["post-97640","post","type-post","status-publish","format-standard","has-post-thumbnail","hentry","category-nacional","tag-desaceleracion","tag-inflacion","tag-portada","tag-sorprende","wp-image-borders"],"amp_enabled":true,"_links":{"self":[{"href":"https:\/\/nvnoticias.mx\/index.php\/wp-json\/wp\/v2\/posts\/97640","targetHints":{"allow":["GET"]}}],"collection":[{"href":"https:\/\/nvnoticias.mx\/index.php\/wp-json\/wp\/v2\/posts"}],"about":[{"href":"https:\/\/nvnoticias.mx\/index.php\/wp-json\/wp\/v2\/types\/post"}],"author":[{"embeddable":true,"href":"https:\/\/nvnoticias.mx\/index.php\/wp-json\/wp\/v2\/users\/35"}],"replies":[{"embeddable":true,"href":"https:\/\/nvnoticias.mx\/index.php\/wp-json\/wp\/v2\/comments?post=97640"}],"version-history":[{"count":5,"href":"https:\/\/nvnoticias.mx\/index.php\/wp-json\/wp\/v2\/posts\/97640\/revisions"}],"predecessor-version":[{"id":97645,"href":"https:\/\/nvnoticias.mx\/index.php\/wp-json\/wp\/v2\/posts\/97640\/revisions\/97645"}],"wp:featuredmedia":[{"embeddable":true,"href":"https:\/\/nvnoticias.mx\/index.php\/wp-json\/wp\/v2\/media\/31865"}],"wp:attachment":[{"href":"https:\/\/nvnoticias.mx\/index.php\/wp-json\/wp\/v2\/media?parent=97640"}],"wp:term":[{"taxonomy":"category","embeddable":true,"href":"https:\/\/nvnoticias.mx\/index.php\/wp-json\/wp\/v2\/categories?post=97640"},{"taxonomy":"post_tag","embeddable":true,"href":"https:\/\/nvnoticias.mx\/index.php\/wp-json\/wp\/v2\/tags?post=97640"}],"curies":[{"name":"wp","href":"https:\/\/api.w.org\/{rel}","templated":true}]}}