{"id":9762,"date":"2021-04-02T10:36:13","date_gmt":"2021-04-02T16:36:13","guid":{"rendered":"https:\/\/nvnoticias.mx\/?p=9762"},"modified":"2021-04-02T10:36:15","modified_gmt":"2021-04-02T16:36:15","slug":"vinculacion-no-es-una-sentencia-maru-campos","status":"publish","type":"post","link":"https:\/\/nvnoticias.mx\/index.php\/2021\/04\/02\/vinculacion-no-es-una-sentencia-maru-campos\/","title":{"rendered":"&#8220;Vinculaci\u00f3n no es una sentencia&#8221;: Maru Campos"},"content":{"rendered":"\n<p>Chihuahua. &#8211; Tras darse a conocer la vinculaci\u00f3n a proceso de la alcaldesa con licencia\u00a0Mar\u00eda Eugenia Campos Galv\u00e1n\u00a0por el\u00a0delito de cohecho, la tambi\u00e9n\u00a0candidata del PAN\u00a0a la gubernatura asegur\u00f3 que sus derechos pol\u00edticos de votar y ser votadas se mantienen intactos.<\/p>\n\n\n\n<p>En un mensaje posterior al t\u00e9rmino de la audiencia, Campos Galv\u00e1n asegur\u00f3 que la vinculaci\u00f3n no significa culpabilidad.<\/p>\n\n\n\n<blockquote class=\"wp-block-quote is-layout-flow wp-block-quote-is-layout-flow\"><p>\u201cLa vinculaci\u00f3n a proceso que hoy se ha definido no significa que se haya dado la raz\u00f3n al Ministerio P\u00fablico, ni significa que se hayan confirmado sus acusaciones&#8221;, dijo.\u00a0<\/p><\/blockquote>\n\n\n\n<p>Explic\u00f3 que apenas comienza el proceso formal de investigaci\u00f3n, y pasar\u00e1 tiempo hasta que se desahoguen las investigaciones en las que las pruebas presentadas ser\u00e1n llevadas por control judicial.\u00a0<\/p>\n\n\n\n<iframe loading=\"lazy\" src=\"https:\/\/www.facebook.com\/plugins\/video.php?href=https%3A%2F%2Fwww.facebook.com%2FMaruCamposG%2Fvideos%2F296639725205780%2F&#038;width=500&#038;show_text=false&#038;height=281&#038;appId\" width=\"500\" height=\"281\" style=\"border:none;overflow:hidden\" scrolling=\"no\" frameborder=\"0\" allowfullscreen=\"true\" allow=\"autoplay; clipboard-write; encrypted-media; picture-in-picture; web-share\" allowFullScreen=\"true\"><\/iframe>\n\n\n\n<blockquote class=\"wp-block-quote is-layout-flow wp-block-quote-is-layout-flow\"><p>&#8220;Quiero dejarles muy claro que esta vinculaci\u00f3n no es una sentencia y por eso no afecta mis\u00a0<strong>derechos pol\u00edticos de votar y ser votada<\/strong>, por lo que entraremos con mucha confianza y fuerza a la\u00a0<strong>campa\u00f1a electoral<\/strong>, porque ahora hay una raz\u00f3n m\u00e1s para luchar para que las instituciones cumplan con su vocaci\u00f3n y sirvan a los chihuahuenses, y no sirvan solo a la persecuci\u00f3n que desde hace tiempo se desat\u00f3 en mi contra, desde el Gobierno del Estado y sus aliados pol\u00edticos, construyendo artificialmente un caso que les permitiera continuar con la\u00a0<strong>persecuci\u00f3n personal y pol\u00edtica<\/strong>\u00a0en contra de una servidora y entregar el estado a Morena&#8221;,\u00a0 enfatiz\u00f3.\u00a0<\/p><\/blockquote>\n\n\n\n<p>Fuente: El Universal<\/p>\n","protected":false},"excerpt":{"rendered":"<p>Chihuahua. &#8211; Tras darse a conocer la vinculaci\u00f3n a proceso de la alcaldesa con licencia\u00a0Mar\u00eda Eugenia Campos Galv\u00e1n\u00a0por el\u00a0delito de cohecho, la tambi\u00e9n\u00a0candidata del PAN\u00a0a la gubernatura asegur\u00f3 que sus derechos pol\u00edticos de votar y ser votadas se mantienen intactos. En un mensaje posterior al t\u00e9rmino de la audiencia, Campos Galv\u00e1n asegur\u00f3 que la vinculaci\u00f3n [&hellip;]<\/p>\n","protected":false},"author":6,"featured_media":9763,"comment_status":"open","ping_status":"open","sticky":false,"template":"","format":"standard","meta":{"_monsterinsights_skip_tracking":false,"_monsterinsights_sitenote_active":false,"_monsterinsights_sitenote_note":"","_monsterinsights_sitenote_category":0,"footnotes":""},"categories":[158],"tags":[321,2758,284],"class_list":["post-9762","post","type-post","status-publish","format-standard","has-post-thumbnail","hentry","category-politica","tag-elecciones2021","tag-maru-campos","tag-pan","wp-image-borders"],"amp_enabled":true,"_links":{"self":[{"href":"https:\/\/nvnoticias.mx\/index.php\/wp-json\/wp\/v2\/posts\/9762","targetHints":{"allow":["GET"]}}],"collection":[{"href":"https:\/\/nvnoticias.mx\/index.php\/wp-json\/wp\/v2\/posts"}],"about":[{"href":"https:\/\/nvnoticias.mx\/index.php\/wp-json\/wp\/v2\/types\/post"}],"author":[{"embeddable":true,"href":"https:\/\/nvnoticias.mx\/index.php\/wp-json\/wp\/v2\/users\/6"}],"replies":[{"embeddable":true,"href":"https:\/\/nvnoticias.mx\/index.php\/wp-json\/wp\/v2\/comments?post=9762"}],"version-history":[{"count":1,"href":"https:\/\/nvnoticias.mx\/index.php\/wp-json\/wp\/v2\/posts\/9762\/revisions"}],"predecessor-version":[{"id":9764,"href":"https:\/\/nvnoticias.mx\/index.php\/wp-json\/wp\/v2\/posts\/9762\/revisions\/9764"}],"wp:featuredmedia":[{"embeddable":true,"href":"https:\/\/nvnoticias.mx\/index.php\/wp-json\/wp\/v2\/media\/9763"}],"wp:attachment":[{"href":"https:\/\/nvnoticias.mx\/index.php\/wp-json\/wp\/v2\/media?parent=9762"}],"wp:term":[{"taxonomy":"category","embeddable":true,"href":"https:\/\/nvnoticias.mx\/index.php\/wp-json\/wp\/v2\/categories?post=9762"},{"taxonomy":"post_tag","embeddable":true,"href":"https:\/\/nvnoticias.mx\/index.php\/wp-json\/wp\/v2\/tags?post=9762"}],"curies":[{"name":"wp","href":"https:\/\/api.w.org\/{rel}","templated":true}]}}