{"id":97544,"date":"2023-03-08T13:22:55","date_gmt":"2023-03-08T19:22:55","guid":{"rendered":"https:\/\/nvnoticias.mx\/?p=97544"},"modified":"2023-03-08T13:22:57","modified_gmt":"2023-03-08T19:22:57","slug":"uv-lanzara-convocatoria-de-ingreso-este-jueves","status":"publish","type":"post","link":"https:\/\/nvnoticias.mx\/index.php\/2023\/03\/08\/uv-lanzara-convocatoria-de-ingreso-este-jueves\/","title":{"rendered":"UV lanzar\u00e1 convocatoria de ingreso este jueves"},"content":{"rendered":"\n<p><strong>Sam Ojeda\u00a0\/ NV Noticias<\/strong><\/p>\n\n\n\n<p>Xalapa.- El pr\u00f3ximo jueves 9 la Universidad Veracruzana (UV) publicar\u00e1 la convocatoria de nuevo ingreso a los aspirantes a los niveles de iniciaci\u00f3n, T\u00e9cnico, T\u00e9cnico Superior Universitario (TSU) y Licenciatura.<\/p>\n\n\n\n<p>Est\u00e1 dirigida a interesados en las cinco regiones acad\u00e9micas de la UV: Xalapa, Veracruz-Boca del R\u00edo, Poza Rica-Tuxpan, Coatzacoalcos-Minatitl\u00e1n y C\u00f3rdoba Orizaba.<\/p>\n\n\n\n<p>Para el Proceso de Ingreso de 2023, la Universidad ofrece Programas Educativos en las \u00c1reas Econ\u00f3mico Administrativa, Ciencias Biol\u00f3gicas y Agropecuarias, Artes, Humanidades, T\u00e9cnica y Ciencias de la Salud.<\/p>\n\n\n\n<p>Adem\u00e1s se ofrecen licenciaturas en la Universidad Veracruzana Intercultural y el Sistema de Ense\u00f1anza Abierta.<\/p>\n\n\n\n<p>Hay que se\u00f1alar que en 2022 la M\u00e1xima Casa de Estudios ofreci\u00f3 17 mil 389 espacios de nuevo ingreso, sin embargo, en ese a\u00f1o la demanda de aspirantes rebas\u00f3 los 46 mil en los programas de licenciatura, TSU y T\u00e9cnico.<\/p>\n\n\n\n<p>De 2021 a 2022, el n\u00famero de solicitantes de un espacio en la Universidad Veracruzana aument\u00f3 en casi 2 mil personas, de acuerdo con cifras de la propia instituci\u00f3n.<\/p>\n","protected":false},"excerpt":{"rendered":"<p>Sam Ojeda\u00a0\/ NV Noticias Xalapa.- El pr\u00f3ximo jueves 9 la Universidad Veracruzana (UV) publicar\u00e1 la convocatoria de nuevo ingreso a los aspirantes a los niveles de iniciaci\u00f3n, T\u00e9cnico, T\u00e9cnico Superior Universitario (TSU) y Licenciatura. Est\u00e1 dirigida a interesados en las cinco regiones acad\u00e9micas de la UV: Xalapa, Veracruz-Boca del R\u00edo, Poza Rica-Tuxpan, Coatzacoalcos-Minatitl\u00e1n y C\u00f3rdoba [&hellip;]<\/p>\n","protected":false},"author":8,"featured_media":97545,"comment_status":"open","ping_status":"open","sticky":false,"template":"","format":"standard","meta":{"_monsterinsights_skip_tracking":false,"_monsterinsights_sitenote_active":false,"_monsterinsights_sitenote_note":"","_monsterinsights_sitenote_category":0,"footnotes":""},"categories":[156],"tags":[286,15195,1164],"class_list":["post-97544","post","type-post","status-publish","format-standard","has-post-thumbnail","hentry","category-estado","tag-convocatoria","tag-nuevo-ingreso","tag-uv","wp-image-borders"],"amp_enabled":true,"_links":{"self":[{"href":"https:\/\/nvnoticias.mx\/index.php\/wp-json\/wp\/v2\/posts\/97544","targetHints":{"allow":["GET"]}}],"collection":[{"href":"https:\/\/nvnoticias.mx\/index.php\/wp-json\/wp\/v2\/posts"}],"about":[{"href":"https:\/\/nvnoticias.mx\/index.php\/wp-json\/wp\/v2\/types\/post"}],"author":[{"embeddable":true,"href":"https:\/\/nvnoticias.mx\/index.php\/wp-json\/wp\/v2\/users\/8"}],"replies":[{"embeddable":true,"href":"https:\/\/nvnoticias.mx\/index.php\/wp-json\/wp\/v2\/comments?post=97544"}],"version-history":[{"count":1,"href":"https:\/\/nvnoticias.mx\/index.php\/wp-json\/wp\/v2\/posts\/97544\/revisions"}],"predecessor-version":[{"id":97546,"href":"https:\/\/nvnoticias.mx\/index.php\/wp-json\/wp\/v2\/posts\/97544\/revisions\/97546"}],"wp:featuredmedia":[{"embeddable":true,"href":"https:\/\/nvnoticias.mx\/index.php\/wp-json\/wp\/v2\/media\/97545"}],"wp:attachment":[{"href":"https:\/\/nvnoticias.mx\/index.php\/wp-json\/wp\/v2\/media?parent=97544"}],"wp:term":[{"taxonomy":"category","embeddable":true,"href":"https:\/\/nvnoticias.mx\/index.php\/wp-json\/wp\/v2\/categories?post=97544"},{"taxonomy":"post_tag","embeddable":true,"href":"https:\/\/nvnoticias.mx\/index.php\/wp-json\/wp\/v2\/tags?post=97544"}],"curies":[{"name":"wp","href":"https:\/\/api.w.org\/{rel}","templated":true}]}}