{"id":97481,"date":"2023-03-08T10:45:03","date_gmt":"2023-03-08T16:45:03","guid":{"rendered":"https:\/\/nvnoticias.mx\/?p=97481"},"modified":"2023-03-08T10:45:04","modified_gmt":"2023-03-08T16:45:04","slug":"repunta-bmv-tras-dato-de-empleo-en-eu","status":"publish","type":"post","link":"https:\/\/nvnoticias.mx\/index.php\/2023\/03\/08\/repunta-bmv-tras-dato-de-empleo-en-eu\/","title":{"rendered":"Repunta BMV tras dato de empleo en EU"},"content":{"rendered":"\n<p>La\u00a0<strong>Bolsa Mexicana de Valores<\/strong>\u00a0(BMV) avanz\u00f3 tras dos sesiones seguidas de p\u00e9rdidas, despu\u00e9s de conocer que las n\u00f3minas privadas estadunidenses aumentaron m\u00e1s de lo esperado en febrero, mientras los inversores aguardan la segunda parte del testimonio del jefe de la\u00a0Reserva Federal,\u00a0<strong>Jerome Powell<\/strong>, ante el Congreso de\u00a0<strong>EU<\/strong>.<\/p>\n\n\n\n<p>El \u00edndice l\u00edder\u00a0<em>S&amp;P\/BMV IPC<\/em>, que agrupa a las acciones m\u00e1s negociadas del mercado dom\u00e9stico, subi\u00f3 0.17 por ciento a 53 mil 156.30 puntos, poco despu\u00e9s de la apertura. En las dos jornadas previas acumul\u00f3 un declive del 2.06 por ciento.<\/p>\n\n\n\n<p>Los t\u00edtulos de\u00a0<strong>FEMSA\u00a0<\/strong>(embotelladora de\u00a0<em>Coca-Cola<\/em>) encabezaron las alzas, con 2.16 por ciento m\u00e1s a 141.27 pesos, seguidos por los del minero\u00a0<strong>Grupo M\u00e9xico<\/strong>, que sumaban 1.14 por ciento a 82.85 pesos.<\/p>\n\n\n\n<p>Fuente: <a href=\"https:\/\/www.milenio.com\/negocios\/bmv-repunta-dato-eu-atenta-fed\" data-type=\"URL\" data-id=\"https:\/\/www.milenio.com\/negocios\/bmv-repunta-dato-eu-atenta-fed\">Milenio<\/a><\/p>\n","protected":false},"excerpt":{"rendered":"<p>La\u00a0Bolsa Mexicana de Valores\u00a0(BMV) avanz\u00f3 tras dos sesiones seguidas de p\u00e9rdidas, despu\u00e9s de conocer que las n\u00f3minas privadas estadunidenses aumentaron m\u00e1s de lo esperado en febrero, mientras los inversores aguardan la segunda parte del testimonio del jefe de la\u00a0Reserva Federal,\u00a0Jerome Powell, ante el Congreso de\u00a0EU. El \u00edndice l\u00edder\u00a0S&amp;P\/BMV IPC, que agrupa a las acciones m\u00e1s [&hellip;]<\/p>\n","protected":false},"author":35,"featured_media":32113,"comment_status":"open","ping_status":"open","sticky":false,"template":"","format":"standard","meta":{"_monsterinsights_skip_tracking":false,"_monsterinsights_sitenote_active":false,"_monsterinsights_sitenote_note":"","_monsterinsights_sitenote_category":0,"footnotes":""},"categories":[157],"tags":[3171,2172,183,162,12867],"class_list":["post-97481","post","type-post","status-publish","format-standard","has-post-thumbnail","hentry","category-nacional","tag-bmv","tag-empleo","tag-estados-unidos","tag-portada","tag-repunta","wp-image-borders"],"amp_enabled":true,"_links":{"self":[{"href":"https:\/\/nvnoticias.mx\/index.php\/wp-json\/wp\/v2\/posts\/97481","targetHints":{"allow":["GET"]}}],"collection":[{"href":"https:\/\/nvnoticias.mx\/index.php\/wp-json\/wp\/v2\/posts"}],"about":[{"href":"https:\/\/nvnoticias.mx\/index.php\/wp-json\/wp\/v2\/types\/post"}],"author":[{"embeddable":true,"href":"https:\/\/nvnoticias.mx\/index.php\/wp-json\/wp\/v2\/users\/35"}],"replies":[{"embeddable":true,"href":"https:\/\/nvnoticias.mx\/index.php\/wp-json\/wp\/v2\/comments?post=97481"}],"version-history":[{"count":1,"href":"https:\/\/nvnoticias.mx\/index.php\/wp-json\/wp\/v2\/posts\/97481\/revisions"}],"predecessor-version":[{"id":97482,"href":"https:\/\/nvnoticias.mx\/index.php\/wp-json\/wp\/v2\/posts\/97481\/revisions\/97482"}],"wp:featuredmedia":[{"embeddable":true,"href":"https:\/\/nvnoticias.mx\/index.php\/wp-json\/wp\/v2\/media\/32113"}],"wp:attachment":[{"href":"https:\/\/nvnoticias.mx\/index.php\/wp-json\/wp\/v2\/media?parent=97481"}],"wp:term":[{"taxonomy":"category","embeddable":true,"href":"https:\/\/nvnoticias.mx\/index.php\/wp-json\/wp\/v2\/categories?post=97481"},{"taxonomy":"post_tag","embeddable":true,"href":"https:\/\/nvnoticias.mx\/index.php\/wp-json\/wp\/v2\/tags?post=97481"}],"curies":[{"name":"wp","href":"https:\/\/api.w.org\/{rel}","templated":true}]}}