{"id":97433,"date":"2023-03-07T16:20:26","date_gmt":"2023-03-07T22:20:26","guid":{"rendered":"https:\/\/nvnoticias.mx\/?p=97433"},"modified":"2023-03-07T16:20:27","modified_gmt":"2023-03-07T22:20:27","slug":"asesinato-en-tamaulipas-traera-repercusiones-en-la-relacion-bilateral-con-eu-senadores","status":"publish","type":"post","link":"https:\/\/nvnoticias.mx\/index.php\/2023\/03\/07\/asesinato-en-tamaulipas-traera-repercusiones-en-la-relacion-bilateral-con-eu-senadores\/","title":{"rendered":"Asesinato en Tamaulipas traer\u00e1 repercusiones en la relaci\u00f3n bilateral con EU: Senadores"},"content":{"rendered":"\n<p>Senadores de oposici\u00f3n y Morena afirmaron que la muerte de dos ciudadanos norteamericanos a manos del crimen organizado en Matamoros, Tamaulipas, traer\u00e1 repercusiones en la relaci\u00f3n bilateral de M\u00e9xico con Estados Unidos.<\/p>\n\n\n\n<p>En entrevista, Ricardo Monreal, coordinador de Morena, confi\u00f3 en que las autoridades den con las pesquisas de este \u201chorrendo crimen y as\u00ed hay otros lugares de la situaci\u00f3n de la delincuencia organizada ha rebasado. No s\u00f3lo cuando se trate de norteamericanos se debe actuar, tambi\u00e9n los hay en Michoac\u00e1n, Guerrero y Zacatecas. En otros estados donde la delincuencia organizada ha avanzado en territorios, por eso he insistido en revisar la estrategia\u201d.<\/p>\n\n\n\n<p><strong>\u2014\u00bfQu\u00e9 impacto puede tener en la relaci\u00f3n M\u00e9xico-Estados Unidos?<\/strong><\/p>\n\n\n\n<blockquote class=\"wp-block-quote is-layout-flow wp-block-quote-is-layout-flow\"><p>\u201cS\u00ed afecta, pero es muy fuerte la relaci\u00f3n entre M\u00e9xico y Estados Unidos desde el punto de vista comercial, cultural, y humanitario. S\u00ed es un sobresalto, es un problema de reclamo natural\u2026 desde el momento en que priva de su vida hay justificaci\u00f3n, es obvio la reacci\u00f3n diplom\u00e1tica, la reacci\u00f3n de su gobierno. Cuando suceden asesinatos de mexicanos en Estados Unidos debe ser el mismo nivel, la misma proporci\u00f3n, pero lo importante es que las autoridades est\u00e1n aclarando lo que sucedi\u00f3 en Matamoros\u201d.<\/p><\/blockquote>\n\n\n\n<p><br>En tanto, Julen Rementer\u00eda, coordinador del PAN, se\u00f1al\u00f3 que lo sucedido en Tamaulipas es consecuencia de la fallida estrategia de seguridad de este gobierno.<\/p>\n\n\n\n<blockquote class=\"wp-block-quote is-layout-flow wp-block-quote-is-layout-flow\"><p>\u201cEs algo terrible, es algo que por supuesto al tratarse de personas en el extranjero, compromete la relaci\u00f3n. Pero, hay que se\u00f1alarlo que si lo lamentamos mucho, pero lamentamos mucho lo que sucede aqu\u00ed en M\u00e9xico, con nuestros connacionales, porque as\u00ed como murieron estas dos personas americanas, mueren todos los d\u00edas m\u00e1s de 100 personas, entre secuestrados y ejecutados\u201d.<\/p><\/blockquote>\n\n\n\n<p><br>El priista Manuel A\u00f1orve\u00a0pidi\u00f3 al gobierno federal que no minimice este caso. Por lo que pidi\u00f3 ir a fondo y detener a los culpables.<\/p>\n\n\n\n<blockquote class=\"wp-block-quote is-layout-flow wp-block-quote-is-layout-flow\"><p>\u201cYa es justo que se tomen carta en el asunto, caiga quien caiga, porque no se puede estar deslizando la responsabilidad en este caso las autoridades competentes, es algo muy bochornoso, que lastima a M\u00e9xico y, por supuesto, que lastima la relaci\u00f3n M\u00e9xico-Estados Unidos\u201d, coment\u00f3.<br><\/p><\/blockquote>\n\n\n\n<p><br><\/p>\n\n\n\n<p>Miguel \u00c1ngel Mancera&nbsp;declar\u00f3 que el gobierno de M\u00e9xico debe actuar con toda severidad, realizar una investigaci\u00f3n profunda y dar todas las garant\u00edas al pueblo norteamericano de que las autoridades mexicanas ser\u00e1n contundentes para esclarecer estos hechos.<\/p>\n\n\n\n<blockquote class=\"wp-block-quote is-layout-flow wp-block-quote-is-layout-flow\"><p>\u201cSeguramente va a haber repercusiones, ha sido muy medi\u00e1tico en los Estados Unidos este hecho, est\u00e1 en todas las agencias informativas\u2026Y ellos son as\u00ed muy persistentes cuando hay un evento de esta naturaleza generado contra sus ciudadanos\u2026Yo creo que va a haber una solicitud de que se aplique todo el peso de la ley\u201d.<\/p><\/blockquote>\n\n\n\n<p><br>El senador del Grupo Plural, Emilio \u00c1lvarez Icaza, acus\u00f3 que infelizmente la violencia en M\u00e9xico tiene repercusiones a nivel internacional.<\/p>\n\n\n\n<blockquote class=\"wp-block-quote is-layout-flow wp-block-quote-is-layout-flow\"><p>\u201cLo que pone en evidencia es que la propuesta y el modelo de seguridad de L\u00f3pez Obrador est\u00e1 fracasando y cada vez tiene m\u00e1s costos. Esto por supuesto, afecta las relaciones y alimenta el monstruo de una visi\u00f3n muy equivocada de Estados Unidos de querer enviar soldados a M\u00e9xico\u201d, se\u00f1al\u00f3.<\/p><\/blockquote>\n\n\n\n<p><br>Asimismo, reiter\u00f3 que incidentes como el Tamaulipas, alimentan este monstruo y este temor.<br><\/p>\n\n\n\n<p>Fuente: <a href=\"https:\/\/www.milenio.com\/politica\/caso-matamoros-impacto-relacion-eu-senadores\" data-type=\"URL\" data-id=\"https:\/\/www.milenio.com\/politica\/caso-matamoros-impacto-relacion-eu-senadores\">Milenio<\/a><\/p>\n","protected":false},"excerpt":{"rendered":"<p>Senadores de oposici\u00f3n y Morena afirmaron que la muerte de dos ciudadanos norteamericanos a manos del crimen organizado en Matamoros, Tamaulipas, traer\u00e1 repercusiones en la relaci\u00f3n bilateral de M\u00e9xico con Estados Unidos. En entrevista, Ricardo Monreal, coordinador de Morena, confi\u00f3 en que las autoridades den con las pesquisas de este \u201chorrendo crimen y as\u00ed hay [&hellip;]<\/p>\n","protected":false},"author":35,"featured_media":38754,"comment_status":"open","ping_status":"open","sticky":false,"template":"","format":"standard","meta":{"_monsterinsights_skip_tracking":false,"_monsterinsights_sitenote_active":false,"_monsterinsights_sitenote_note":"","_monsterinsights_sitenote_category":0,"footnotes":""},"categories":[158],"tags":[1431,183,11121,777,326,23725],"class_list":["post-97433","post","type-post","status-publish","format-standard","has-post-thumbnail","hentry","category-politica","tag-asesinato","tag-estados-unidos","tag-repercusiones","tag-senadores","tag-tamaulipas","tag-traera","wp-image-borders"],"amp_enabled":true,"_links":{"self":[{"href":"https:\/\/nvnoticias.mx\/index.php\/wp-json\/wp\/v2\/posts\/97433","targetHints":{"allow":["GET"]}}],"collection":[{"href":"https:\/\/nvnoticias.mx\/index.php\/wp-json\/wp\/v2\/posts"}],"about":[{"href":"https:\/\/nvnoticias.mx\/index.php\/wp-json\/wp\/v2\/types\/post"}],"author":[{"embeddable":true,"href":"https:\/\/nvnoticias.mx\/index.php\/wp-json\/wp\/v2\/users\/35"}],"replies":[{"embeddable":true,"href":"https:\/\/nvnoticias.mx\/index.php\/wp-json\/wp\/v2\/comments?post=97433"}],"version-history":[{"count":1,"href":"https:\/\/nvnoticias.mx\/index.php\/wp-json\/wp\/v2\/posts\/97433\/revisions"}],"predecessor-version":[{"id":97436,"href":"https:\/\/nvnoticias.mx\/index.php\/wp-json\/wp\/v2\/posts\/97433\/revisions\/97436"}],"wp:featuredmedia":[{"embeddable":true,"href":"https:\/\/nvnoticias.mx\/index.php\/wp-json\/wp\/v2\/media\/38754"}],"wp:attachment":[{"href":"https:\/\/nvnoticias.mx\/index.php\/wp-json\/wp\/v2\/media?parent=97433"}],"wp:term":[{"taxonomy":"category","embeddable":true,"href":"https:\/\/nvnoticias.mx\/index.php\/wp-json\/wp\/v2\/categories?post=97433"},{"taxonomy":"post_tag","embeddable":true,"href":"https:\/\/nvnoticias.mx\/index.php\/wp-json\/wp\/v2\/tags?post=97433"}],"curies":[{"name":"wp","href":"https:\/\/api.w.org\/{rel}","templated":true}]}}