{"id":97378,"date":"2023-03-07T12:38:18","date_gmt":"2023-03-07T18:38:18","guid":{"rendered":"https:\/\/nvnoticias.mx\/?p=97378"},"modified":"2023-03-07T12:42:19","modified_gmt":"2023-03-07T18:42:19","slug":"exigen-justicia-para-karina-victima-de-feminicidio-en-veracruz","status":"publish","type":"post","link":"https:\/\/nvnoticias.mx\/index.php\/2023\/03\/07\/exigen-justicia-para-karina-victima-de-feminicidio-en-veracruz\/","title":{"rendered":"Exigen justicia para Karina, v\u00edctima de feminicidio en Veracruz"},"content":{"rendered":"\n<p>Familiares, amigos y conocidos de la joven Karina Casillas, estudiante de la facultad de Nutrici\u00f3n de la Universidad Veracruzana, y quien fue v\u00edctima de presunto feminicidio, se manifestaron durante esta ma\u00f1ana en los juzgados de la zona norte en esta ciudad de Veracruz.<\/p>\n\n\n\n<p>Esto fue en el momento que se llev\u00f3 a cabo la audiencia en contra de Jos\u00e9 Luis \u201cN\u201d, presunto feminicida de la joven estudiante hace ya algunas semanas.<\/p>\n\n\n\n<p>Ah\u00ed, quienes se hicieron presentes, exigieron justicia para que la Fiscal\u00eda General del Estado haga valer todas las pruebas que presuntamente inculpan a quien fuera novio de Karina Casillas, y quien despu\u00e9s de quitarle la vida supuestamente se hiri\u00f3 el est\u00f3mago para hacer creer que fueron v\u00edctimas de un asalto.<\/p>\n\n\n\n<p>Karina Casillas Guti\u00e9rrez\u00a0fue hallada sin vida el 18 de Febrero dentro de una casa ubicada en la colonia Infonavit M\u00e9dano de Buena Vista. <\/p>\n","protected":false},"excerpt":{"rendered":"<p>Familiares, amigos y conocidos de la joven Karina Casillas, estudiante de la facultad de Nutrici\u00f3n de la Universidad Veracruzana, y quien fue v\u00edctima de presunto feminicidio, se manifestaron durante esta ma\u00f1ana en los juzgados de la zona norte en esta ciudad de Veracruz. Esto fue en el momento que se llev\u00f3 a cabo la audiencia [&hellip;]<\/p>\n","protected":false},"author":8,"featured_media":97380,"comment_status":"open","ping_status":"open","sticky":false,"template":"","format":"standard","meta":{"_monsterinsights_skip_tracking":false,"_monsterinsights_sitenote_active":false,"_monsterinsights_sitenote_note":"","_monsterinsights_sitenote_category":0,"footnotes":""},"categories":[154],"tags":[2691,806,23707],"class_list":["post-97378","post","type-post","status-publish","format-standard","has-post-thumbnail","hentry","category-veracruz","tag-feminicidio","tag-justicia","tag-karina-casillas","wp-image-borders"],"amp_enabled":true,"_links":{"self":[{"href":"https:\/\/nvnoticias.mx\/index.php\/wp-json\/wp\/v2\/posts\/97378","targetHints":{"allow":["GET"]}}],"collection":[{"href":"https:\/\/nvnoticias.mx\/index.php\/wp-json\/wp\/v2\/posts"}],"about":[{"href":"https:\/\/nvnoticias.mx\/index.php\/wp-json\/wp\/v2\/types\/post"}],"author":[{"embeddable":true,"href":"https:\/\/nvnoticias.mx\/index.php\/wp-json\/wp\/v2\/users\/8"}],"replies":[{"embeddable":true,"href":"https:\/\/nvnoticias.mx\/index.php\/wp-json\/wp\/v2\/comments?post=97378"}],"version-history":[{"count":1,"href":"https:\/\/nvnoticias.mx\/index.php\/wp-json\/wp\/v2\/posts\/97378\/revisions"}],"predecessor-version":[{"id":97381,"href":"https:\/\/nvnoticias.mx\/index.php\/wp-json\/wp\/v2\/posts\/97378\/revisions\/97381"}],"wp:featuredmedia":[{"embeddable":true,"href":"https:\/\/nvnoticias.mx\/index.php\/wp-json\/wp\/v2\/media\/97380"}],"wp:attachment":[{"href":"https:\/\/nvnoticias.mx\/index.php\/wp-json\/wp\/v2\/media?parent=97378"}],"wp:term":[{"taxonomy":"category","embeddable":true,"href":"https:\/\/nvnoticias.mx\/index.php\/wp-json\/wp\/v2\/categories?post=97378"},{"taxonomy":"post_tag","embeddable":true,"href":"https:\/\/nvnoticias.mx\/index.php\/wp-json\/wp\/v2\/tags?post=97378"}],"curies":[{"name":"wp","href":"https:\/\/api.w.org\/{rel}","templated":true}]}}