{"id":97289,"date":"2023-03-07T10:34:25","date_gmt":"2023-03-07T16:34:25","guid":{"rendered":"https:\/\/nvnoticias.mx\/?p=97289"},"modified":"2023-03-07T10:34:27","modified_gmt":"2023-03-07T16:34:27","slug":"razonamiento-extrano-decision-de-mc-para-no-participar-en-elecciones-de-2023-zambrano","status":"publish","type":"post","link":"https:\/\/nvnoticias.mx\/index.php\/2023\/03\/07\/razonamiento-extrano-decision-de-mc-para-no-participar-en-elecciones-de-2023-zambrano\/","title":{"rendered":"&#8220;Razonamiento extra\u00f1o&#8221; decisi\u00f3n de MC para no participar en elecciones de 2023: Zambrano"},"content":{"rendered":"\n<p><strong>Jes\u00fas Zambrano, dirigente nacional del Partido de la Revoluci\u00f3n Democr\u00e1tica (PRD),<\/strong>\u00a0consider\u00f3 como &#8220;razonamiento extra\u00f1o&#8221;\u00a0los argumentos de Movimiento Ciudadano para no participar en el proceso electoral de este a\u00f1o\u00a0en Coahuila y Estado de M\u00e9xico.\u00a0<\/p>\n\n\n\n<p>En entrevista con Pedro Gamboa, Zambrano consider\u00f3 que este<strong>\u00a0proceso electoral es importante de cara al del pr\u00f3ximo a\u00f1o,<\/strong>\u00a0en el cual se elegir\u00e1 al titular del Poder Ejecutivo Federal.\u00a0<\/p>\n\n\n\n<blockquote class=\"wp-block-quote is-layout-flow wp-block-quote-is-layout-flow\"><p>&#8220;Es una manera rara de decir que est\u00e1n avanzando para fortalecerse si hoy nos estamos disputando una gran parte del (20)24 en las dos elecciones de 2023. La verdad es que es un razonamiento extra\u00f1o&#8221;, expres\u00f3.<\/p><\/blockquote>\n\n\n\n<p>Zambrano puntualiz\u00f3 que respetaba la decisi\u00f3n del partido dirigido por Dante Delgado, pues &#8220;es soberana&#8221;.&nbsp;<\/p>\n\n\n\n<blockquote class=\"wp-block-quote is-layout-flow wp-block-quote-is-layout-flow\"><p>&#8220;En lo personal me hubiera gustado que ellos, al decidir que no iban a participar, se sumaran a la coalici\u00f3n Va por M\u00e9xico, que fueran parte de este proceso&#8221;, expres\u00f3.<\/p><\/blockquote>\n\n\n\n<p>Zambrano llam\u00f3 a los simpatizantes del Movimiento Ciudadano en ambos estados par<strong>a no abtenerse de votar,<\/strong>&nbsp;y en lugar de ello, apoyar al PRD.&nbsp;<\/p>\n\n\n\n<p>M\u00e1s temprano, el coordinador nacional de Movimiento Ciudadano, Dante Delgado, inform\u00f3 que decidieron dar \u201cun paso de lado\u201d y no participar en los comicios&nbsp;a gobernador en el Estado de M\u00e9xico y Coahuila&nbsp;para prepararse rumbo a la&nbsp;elecci\u00f3n presidencial de 2024.<\/p>\n\n\n\n<p>Al salir de los trabajos de la coordinadora nacional, Dante Delgado asegur\u00f3 que\u00a0<strong>no comparte los puntos de vista, los cuales aseguran que no iban a completar el m\u00ednimo tres porciento\u00a0<\/strong>de la votaci\u00f3n para mantener el registro en dichos estados.<\/p>\n\n\n\n<p>Fuente: <a href=\"https:\/\/www.milenio.com\/politica\/elecciones\/razonamiento-extrano-mc-participar-elecciones-prd\" data-type=\"URL\" data-id=\"https:\/\/www.milenio.com\/politica\/elecciones\/razonamiento-extrano-mc-participar-elecciones-prd\">Milenio<\/a><\/p>\n","protected":false},"excerpt":{"rendered":"<p>Jes\u00fas Zambrano, dirigente nacional del Partido de la Revoluci\u00f3n Democr\u00e1tica (PRD),\u00a0consider\u00f3 como &#8220;razonamiento extra\u00f1o&#8221;\u00a0los argumentos de Movimiento Ciudadano para no participar en el proceso electoral de este a\u00f1o\u00a0en Coahuila y Estado de M\u00e9xico.\u00a0 En entrevista con Pedro Gamboa, Zambrano consider\u00f3 que este\u00a0proceso electoral es importante de cara al del pr\u00f3ximo a\u00f1o,\u00a0en el cual se elegir\u00e1 [&hellip;]<\/p>\n","protected":false},"author":35,"featured_media":10103,"comment_status":"open","ping_status":"open","sticky":false,"template":"","format":"standard","meta":{"_monsterinsights_skip_tracking":false,"_monsterinsights_sitenote_active":false,"_monsterinsights_sitenote_note":"","_monsterinsights_sitenote_category":0,"footnotes":""},"categories":[158],"tags":[10245,23692,20611,2237,687,23691,23690],"class_list":["post-97289","post","type-post","status-publish","format-standard","has-post-thumbnail","hentry","category-politica","tag-decision","tag-elecciones-de-2023","tag-extrano","tag-jesus-zambrano","tag-movimiento-ciudadano","tag-no-participar","tag-razonamiento","wp-image-borders"],"amp_enabled":true,"_links":{"self":[{"href":"https:\/\/nvnoticias.mx\/index.php\/wp-json\/wp\/v2\/posts\/97289","targetHints":{"allow":["GET"]}}],"collection":[{"href":"https:\/\/nvnoticias.mx\/index.php\/wp-json\/wp\/v2\/posts"}],"about":[{"href":"https:\/\/nvnoticias.mx\/index.php\/wp-json\/wp\/v2\/types\/post"}],"author":[{"embeddable":true,"href":"https:\/\/nvnoticias.mx\/index.php\/wp-json\/wp\/v2\/users\/35"}],"replies":[{"embeddable":true,"href":"https:\/\/nvnoticias.mx\/index.php\/wp-json\/wp\/v2\/comments?post=97289"}],"version-history":[{"count":4,"href":"https:\/\/nvnoticias.mx\/index.php\/wp-json\/wp\/v2\/posts\/97289\/revisions"}],"predecessor-version":[{"id":97293,"href":"https:\/\/nvnoticias.mx\/index.php\/wp-json\/wp\/v2\/posts\/97289\/revisions\/97293"}],"wp:featuredmedia":[{"embeddable":true,"href":"https:\/\/nvnoticias.mx\/index.php\/wp-json\/wp\/v2\/media\/10103"}],"wp:attachment":[{"href":"https:\/\/nvnoticias.mx\/index.php\/wp-json\/wp\/v2\/media?parent=97289"}],"wp:term":[{"taxonomy":"category","embeddable":true,"href":"https:\/\/nvnoticias.mx\/index.php\/wp-json\/wp\/v2\/categories?post=97289"},{"taxonomy":"post_tag","embeddable":true,"href":"https:\/\/nvnoticias.mx\/index.php\/wp-json\/wp\/v2\/tags?post=97289"}],"curies":[{"name":"wp","href":"https:\/\/api.w.org\/{rel}","templated":true}]}}