{"id":97228,"date":"2023-03-06T18:48:56","date_gmt":"2023-03-07T00:48:56","guid":{"rendered":"https:\/\/nvnoticias.mx\/?p=97228"},"modified":"2023-03-06T18:48:57","modified_gmt":"2023-03-07T00:48:57","slug":"en-velorio-fallece-madre-de-ex-diputado-local-asesinado-a-balazos","status":"publish","type":"post","link":"https:\/\/nvnoticias.mx\/index.php\/2023\/03\/06\/en-velorio-fallece-madre-de-ex-diputado-local-asesinado-a-balazos\/","title":{"rendered":"En velorio, fallece madre de ex diputado local asesinado a balazos"},"content":{"rendered":"\n<p>La mam\u00e1 del ex diputado y funcionario del Congreso de Veracruz,\u00a0Alexis S\u00e1nchez Garc\u00eda, quien fue asesinado el domingo junto con su hijo de siete a\u00f1os, muri\u00f3 de un infarto durante el velorio.<\/p>\n\n\n\n<p>Se trat\u00f3 de\u00a0Amelia Garc\u00eda Fern\u00e1ndez, quien falleci\u00f3 cuando velaba a su hijo, el secretario de Servicios Legislativos del Congreso y a su nieto de siete a\u00f1os.<\/p>\n\n\n\n<p>Los hechos ocurrieron en una funeraria del municipio de Tezonapa, donde la mujer comenz\u00f3 a sufrir un infarto y fue trasladada a un hospital privado, d\u00f3nde se le report\u00f3 fallecida.<\/p>\n\n\n\n<p>La tarde de ayer domingo un grupo armado atac\u00f3 a tiros al ex diputado local, qui\u00e9n fue asesinado junto con su hijo de siete a\u00f1os.<\/p>\n\n\n\n<p>Durante el ataque ocurrido en la cabecera municipal de Tezonapa,, la esposa de la v\u00edctima result\u00f3 gravemente herida.<\/p>\n\n\n\n<p>Fuente: <a href=\"https:\/\/www.eluniversal.com.mx\/estados\/en-velorio-de-funcionario-de-veracruz-su-madre-fallece-tambien-de-un-infarto\">El Universal<\/a><\/p>\n","protected":false},"excerpt":{"rendered":"<p>La mam\u00e1 del ex diputado y funcionario del Congreso de Veracruz,\u00a0Alexis S\u00e1nchez Garc\u00eda, quien fue asesinado el domingo junto con su hijo de siete a\u00f1os, muri\u00f3 de un infarto durante el velorio. Se trat\u00f3 de\u00a0Amelia Garc\u00eda Fern\u00e1ndez, quien falleci\u00f3 cuando velaba a su hijo, el secretario de Servicios Legislativos del Congreso y a su nieto [&hellip;]<\/p>\n","protected":false},"author":8,"featured_media":97229,"comment_status":"open","ping_status":"open","sticky":false,"template":"","format":"standard","meta":{"_monsterinsights_skip_tracking":false,"_monsterinsights_sitenote_active":false,"_monsterinsights_sitenote_note":"","_monsterinsights_sitenote_category":0,"footnotes":""},"categories":[156],"tags":[23646,1431,23681,23682],"class_list":["post-97228","post","type-post","status-publish","format-standard","has-post-thumbnail","hentry","category-estado","tag-alexis-sanchez","tag-asesinato","tag-ex-diputado","tag-velorio","wp-image-borders"],"amp_enabled":true,"_links":{"self":[{"href":"https:\/\/nvnoticias.mx\/index.php\/wp-json\/wp\/v2\/posts\/97228","targetHints":{"allow":["GET"]}}],"collection":[{"href":"https:\/\/nvnoticias.mx\/index.php\/wp-json\/wp\/v2\/posts"}],"about":[{"href":"https:\/\/nvnoticias.mx\/index.php\/wp-json\/wp\/v2\/types\/post"}],"author":[{"embeddable":true,"href":"https:\/\/nvnoticias.mx\/index.php\/wp-json\/wp\/v2\/users\/8"}],"replies":[{"embeddable":true,"href":"https:\/\/nvnoticias.mx\/index.php\/wp-json\/wp\/v2\/comments?post=97228"}],"version-history":[{"count":1,"href":"https:\/\/nvnoticias.mx\/index.php\/wp-json\/wp\/v2\/posts\/97228\/revisions"}],"predecessor-version":[{"id":97230,"href":"https:\/\/nvnoticias.mx\/index.php\/wp-json\/wp\/v2\/posts\/97228\/revisions\/97230"}],"wp:featuredmedia":[{"embeddable":true,"href":"https:\/\/nvnoticias.mx\/index.php\/wp-json\/wp\/v2\/media\/97229"}],"wp:attachment":[{"href":"https:\/\/nvnoticias.mx\/index.php\/wp-json\/wp\/v2\/media?parent=97228"}],"wp:term":[{"taxonomy":"category","embeddable":true,"href":"https:\/\/nvnoticias.mx\/index.php\/wp-json\/wp\/v2\/categories?post=97228"},{"taxonomy":"post_tag","embeddable":true,"href":"https:\/\/nvnoticias.mx\/index.php\/wp-json\/wp\/v2\/tags?post=97228"}],"curies":[{"name":"wp","href":"https:\/\/api.w.org\/{rel}","templated":true}]}}