{"id":97216,"date":"2023-03-06T18:05:05","date_gmt":"2023-03-07T00:05:05","guid":{"rendered":"https:\/\/nvnoticias.mx\/?p=97216"},"modified":"2023-03-06T18:05:06","modified_gmt":"2023-03-07T00:05:06","slug":"ignacio-lopez-tarso-fue-hospitalizado-de-emergencia","status":"publish","type":"post","link":"https:\/\/nvnoticias.mx\/index.php\/2023\/03\/06\/ignacio-lopez-tarso-fue-hospitalizado-de-emergencia\/","title":{"rendered":"Ignacio L\u00f3pez Tarso fue hospitalizado de emergencia"},"content":{"rendered":"\n<p>Ignacio L\u00f3pez Tarso, famoso primer actor, fue hospitalizado por dos problemas de salud, as\u00ed lo dieron a conocer en el programa Hoy de Televisa. <\/p>\n\n\n\n<p>Fue en exclusiva para el programa Hoy de Televisa, en donde se dio a conocer que el famoso actor fue hospitalizado el pasado viernes por una neumon\u00eda y por problemas intestinales.<\/p>\n\n\n\n<p>Indicaron que est\u00e1 bien y que, aunque no est\u00e1 grave, est\u00e1 en terapia intermedia. Adem\u00e1s de que de la neumon\u00eda ya va saliendo, aunque los problemas por obstrucci\u00f3n intestinal persisten.<\/p>\n\n\n\n<blockquote class=\"wp-block-quote is-layout-flow wp-block-quote-is-layout-flow\"><p>\u201c<em>Est\u00e1 bien tratado, va evolucionando, no est\u00e1 grave y eso para todos es algo bueno, lo tienen en terapia intermedia por la edad<\/em>\u201d, indic\u00f3 su representante Lul\u00fa Mogoll\u00f3n.<\/p><\/blockquote>\n\n\n\n<p>Sobre el tratamiento que est\u00e1 llevando, Lul\u00fa Mogoll\u00f3n indic\u00f3 c\u00f3mo va su tratamiento de los dos problemas de salud.<\/p>\n\n\n\n<blockquote class=\"wp-block-quote is-layout-flow wp-block-quote-is-layout-flow\"><p>&#8220;<em>El tratamiento por el intestino tiene que ver que los intestinos se muevan, tengan un buen movimiento y la fluidez. Y de la neumon\u00eda ya est\u00e1 saturando mejor<\/em>\u201d, indic\u00f3.<\/p><\/blockquote>\n\n\n\n<p>Ignacio Aranda, hijo del famoso detall\u00f3 que su padre mejora paulatinamente y que es probable que salga el mi\u00e9rcoles o jueves del hospital.<\/p>\n\n\n\n<blockquote class=\"wp-block-quote is-layout-flow wp-block-quote-is-layout-flow\"><p>&#8220;<em>Estar\u00e1 hasta el mi\u00e9rcoles o jueves en el hospital. Sufri\u00f3 de una oclusi\u00f3n intestinal y se le complic\u00f3 con neumon\u00eda. Grave, pero afortunadamente todo est\u00e1 bien y el es un toro, mejora paulatinamente<\/em>&#8220;, indic\u00f3.<\/p><\/blockquote>\n\n\n\n<p><strong>\u00bfQui\u00e9n es Ignacio L\u00f3pez Tarso?<\/strong><\/p>\n\n\n\n<p>Ignacio L\u00f3pez Tarso es uno de los actores m\u00e1s reconocidos de las televisi\u00f3n mexicana, naci\u00f3 en la Ciudad de M\u00e9xico en el a\u00f1o 1925 el 15 de enero. Tuvo dos hermanos y pas\u00f3 gran parte de su infancia en estados como Veracruz y Guadalajara, donde en \u00e9ste \u00faltimo tuvo acercamiento con el medio art\u00edstico en una funci\u00f3n de teatro.<\/p>\n\n\n\n<p>Aunque m\u00e1s tarde tuvo que cumplir con el servicio militar y alejarse de su pasi\u00f3n y a los 24 a\u00f1os retom\u00f3 su sue\u00f1o para entrar a la Academia de Arte Dram\u00e1tico del Instituto Nacional de Bellas Artes (INBA), para lograr su debut en el cine con la pel\u00edcula La desconocida.<\/p>\n\n\n\n<p>La pel\u00edcula que lo consolid\u00f3 con una figura referente de la actuaci\u00f3n fue &#8216;Macario&#8217;, que sali\u00f3 en 1959 bajo la direcci\u00f3n de Roberto Gavald\u00f3n.<\/p>\n\n\n\n<p>Fuente: <a href=\"https:\/\/www.milenio.com\/espectaculos\/famosos\/ignacio-lopez-tarso-hospitalizan-emergencia-neumonia-intestinos\">Milenio<\/a><\/p>\n","protected":false},"excerpt":{"rendered":"<p>Ignacio L\u00f3pez Tarso, famoso primer actor, fue hospitalizado por dos problemas de salud, as\u00ed lo dieron a conocer en el programa Hoy de Televisa. Fue en exclusiva para el programa Hoy de Televisa, en donde se dio a conocer que el famoso actor fue hospitalizado el pasado viernes por una neumon\u00eda y por problemas intestinales. [&hellip;]<\/p>\n","protected":false},"author":8,"featured_media":97217,"comment_status":"open","ping_status":"open","sticky":false,"template":"","format":"standard","meta":{"_monsterinsights_skip_tracking":false,"_monsterinsights_sitenote_active":false,"_monsterinsights_sitenote_note":"","_monsterinsights_sitenote_category":0,"footnotes":""},"categories":[576],"tags":[15489],"class_list":["post-97216","post","type-post","status-publish","format-standard","has-post-thumbnail","hentry","category-ocio","tag-ignacio-lopez-tarso","wp-image-borders"],"amp_enabled":true,"_links":{"self":[{"href":"https:\/\/nvnoticias.mx\/index.php\/wp-json\/wp\/v2\/posts\/97216","targetHints":{"allow":["GET"]}}],"collection":[{"href":"https:\/\/nvnoticias.mx\/index.php\/wp-json\/wp\/v2\/posts"}],"about":[{"href":"https:\/\/nvnoticias.mx\/index.php\/wp-json\/wp\/v2\/types\/post"}],"author":[{"embeddable":true,"href":"https:\/\/nvnoticias.mx\/index.php\/wp-json\/wp\/v2\/users\/8"}],"replies":[{"embeddable":true,"href":"https:\/\/nvnoticias.mx\/index.php\/wp-json\/wp\/v2\/comments?post=97216"}],"version-history":[{"count":1,"href":"https:\/\/nvnoticias.mx\/index.php\/wp-json\/wp\/v2\/posts\/97216\/revisions"}],"predecessor-version":[{"id":97218,"href":"https:\/\/nvnoticias.mx\/index.php\/wp-json\/wp\/v2\/posts\/97216\/revisions\/97218"}],"wp:featuredmedia":[{"embeddable":true,"href":"https:\/\/nvnoticias.mx\/index.php\/wp-json\/wp\/v2\/media\/97217"}],"wp:attachment":[{"href":"https:\/\/nvnoticias.mx\/index.php\/wp-json\/wp\/v2\/media?parent=97216"}],"wp:term":[{"taxonomy":"category","embeddable":true,"href":"https:\/\/nvnoticias.mx\/index.php\/wp-json\/wp\/v2\/categories?post=97216"},{"taxonomy":"post_tag","embeddable":true,"href":"https:\/\/nvnoticias.mx\/index.php\/wp-json\/wp\/v2\/tags?post=97216"}],"curies":[{"name":"wp","href":"https:\/\/api.w.org\/{rel}","templated":true}]}}