{"id":97208,"date":"2023-03-06T16:27:18","date_gmt":"2023-03-06T22:27:18","guid":{"rendered":"https:\/\/nvnoticias.mx\/?p=97208"},"modified":"2023-03-06T16:28:26","modified_gmt":"2023-03-06T22:28:26","slug":"messi-tendra-serie-animada","status":"publish","type":"post","link":"https:\/\/nvnoticias.mx\/index.php\/2023\/03\/06\/messi-tendra-serie-animada\/","title":{"rendered":"Messi tendr\u00e1 serie animada"},"content":{"rendered":"\n<p>Lionel Messi tendr\u00e1 su serie animada y en asociaci\u00f3n con Sony Music Entertainment se desarrollar\u00e1 una historia en el mundo de los dibujos animados tras conseguir el\u00a0campeonato mundial con la selecci\u00f3n de Argentina\u00a0.<\/p>\n\n\n\n<p>Hasta el momento se sabe que la serie mostrar\u00e1 a Messi cuando era ni\u00f1o jugando un videojuego que al pasar diversos obst\u00e1culos, contar\u00e1 diferentes aventuras dirigidas a una audiencia infantil y juvenil.<\/p>\n\n\n\n<p>Esta producci\u00f3n contar\u00e1 con la participaci\u00f3n original de artistas musicales de interpretaci\u00f3n y compositores de Sony Music.<\/p>\n\n\n\n<p>Esta serie no ser\u00e1 un documental y se producir\u00e1 en dibujos animados que se tiene intenci\u00f3n de que se realice en ingl\u00e9s y espa\u00f1ol antes de hacer las traducciones a muchos otros idiomas.<\/p>\n\n\n\n<p>Sony Music Entertainment y Leo Messi Management se asocian para este proyecto que el entorno del jugador va a supervisar en su desarrollo y distribuci\u00f3n, aunque por el momento no se conoce a la empresa que lo vaya a distribuir o transmitir.<\/p>\n\n\n\n<blockquote class=\"wp-block-quote is-layout-flow wp-block-quote-is-layout-flow\"><p>\u201c<em>Desde que era un ni\u00f1o, siempre me han gustado las series animadas y mis hijos son grandes fan\u00e1ticos de los personajes animados<\/em>\u201d, dijo Lionel Messi.<\/p><\/blockquote>\n\n\n\n<blockquote class=\"wp-block-quote is-layout-flow wp-block-quote-is-layout-flow\"><p>\u201c<em>Poder participar en un proyecto de animaci\u00f3n me hace feliz, porque cumple uno de mis sue\u00f1os<\/em>\u201d, complement\u00f3 el jugador.<\/p><\/blockquote>\n\n\n\n<blockquote class=\"wp-block-quote is-layout-flow wp-block-quote-is-layout-flow\"><p>\u201c<em>Me gustar\u00eda agradecer a Sony Music por sumarse a este proyecto y esperamos que a todos les guste el resultado, especialmente a las ni\u00f1as y los ni\u00f1os<\/em>\u201d, dijo Messi.<\/p><\/blockquote>\n\n\n\n<p>Fernando Cabral de Sony Music Entertainment asegur\u00f3 que es un privilegio el acuerdo de colaboraci\u00f3n con el argentino y su empresa para mostrar el poder y las lecciones del deporte con uno de los mejores atletas de la historia.<\/p>\n\n\n\n<blockquote class=\"wp-block-quote is-layout-flow wp-block-quote-is-layout-flow\"><p>\u201c<em>Esperamos llevar esta serie conmovedora y humildes las pantallas para audiencias de todas las edades en todo el mund<\/em>o\u201d, destac\u00f3.<\/p><\/blockquote>\n\n\n\n<p>Fuente: <a href=\"https:\/\/www.tudn.com\/futbol\/lionel-messi-tendra-propia-serie-animada\">TUDN<\/a><\/p>\n","protected":false},"excerpt":{"rendered":"<p>Lionel Messi tendr\u00e1 su serie animada y en asociaci\u00f3n con Sony Music Entertainment se desarrollar\u00e1 una historia en el mundo de los dibujos animados tras conseguir el\u00a0campeonato mundial con la selecci\u00f3n de Argentina\u00a0. Hasta el momento se sabe que la serie mostrar\u00e1 a Messi cuando era ni\u00f1o jugando un videojuego que al pasar diversos obst\u00e1culos, [&hellip;]<\/p>\n","protected":false},"author":8,"featured_media":97209,"comment_status":"open","ping_status":"open","sticky":false,"template":"","format":"standard","meta":{"_monsterinsights_skip_tracking":false,"_monsterinsights_sitenote_active":false,"_monsterinsights_sitenote_note":"","_monsterinsights_sitenote_category":0,"footnotes":""},"categories":[159],"tags":[5447,23680],"class_list":["post-97208","post","type-post","status-publish","format-standard","has-post-thumbnail","hentry","category-deportes","tag-lionel-messi","tag-serie-animada","wp-image-borders"],"amp_enabled":true,"_links":{"self":[{"href":"https:\/\/nvnoticias.mx\/index.php\/wp-json\/wp\/v2\/posts\/97208","targetHints":{"allow":["GET"]}}],"collection":[{"href":"https:\/\/nvnoticias.mx\/index.php\/wp-json\/wp\/v2\/posts"}],"about":[{"href":"https:\/\/nvnoticias.mx\/index.php\/wp-json\/wp\/v2\/types\/post"}],"author":[{"embeddable":true,"href":"https:\/\/nvnoticias.mx\/index.php\/wp-json\/wp\/v2\/users\/8"}],"replies":[{"embeddable":true,"href":"https:\/\/nvnoticias.mx\/index.php\/wp-json\/wp\/v2\/comments?post=97208"}],"version-history":[{"count":2,"href":"https:\/\/nvnoticias.mx\/index.php\/wp-json\/wp\/v2\/posts\/97208\/revisions"}],"predecessor-version":[{"id":97211,"href":"https:\/\/nvnoticias.mx\/index.php\/wp-json\/wp\/v2\/posts\/97208\/revisions\/97211"}],"wp:featuredmedia":[{"embeddable":true,"href":"https:\/\/nvnoticias.mx\/index.php\/wp-json\/wp\/v2\/media\/97209"}],"wp:attachment":[{"href":"https:\/\/nvnoticias.mx\/index.php\/wp-json\/wp\/v2\/media?parent=97208"}],"wp:term":[{"taxonomy":"category","embeddable":true,"href":"https:\/\/nvnoticias.mx\/index.php\/wp-json\/wp\/v2\/categories?post=97208"},{"taxonomy":"post_tag","embeddable":true,"href":"https:\/\/nvnoticias.mx\/index.php\/wp-json\/wp\/v2\/tags?post=97208"}],"curies":[{"name":"wp","href":"https:\/\/api.w.org\/{rel}","templated":true}]}}