{"id":97197,"date":"2023-03-06T14:39:04","date_gmt":"2023-03-06T20:39:04","guid":{"rendered":"https:\/\/nvnoticias.mx\/?p=97197"},"modified":"2023-03-06T14:39:06","modified_gmt":"2023-03-06T20:39:06","slug":"alerta-anaya-sobre-los-4-mil-feminicidios-en-4-anos-del-gobierno-de-amlo","status":"publish","type":"post","link":"https:\/\/nvnoticias.mx\/index.php\/2023\/03\/06\/alerta-anaya-sobre-los-4-mil-feminicidios-en-4-anos-del-gobierno-de-amlo\/","title":{"rendered":"Alerta Anaya sobre los 4 mil feminicidios en 4 a\u00f1os del gobierno de AMLO"},"content":{"rendered":"\n<p>Ricardo Anaya alert\u00f3 sobre la cifra de feminicidios durante los cuatro primeros a\u00f1os del gobierno de Andr\u00e9s Manuel L\u00f3pez Obrador, la cual es de 4 mil, una herida para M\u00e9xico.<\/p>\n\n\n\n<blockquote class=\"wp-block-quote is-layout-flow wp-block-quote-is-layout-flow\"><p>\u201cLa cifra es alarmante, 4 mil mujeres asesinadas en los 4 a\u00f1os de este gobierno, por ser mujeres. Eso es de verdad una herida abierta en el coraz\u00f3n de M\u00e9xico\u201d, consider\u00f3 el pol\u00edtico panista en su video semanal publicado este lunes.<\/p><\/blockquote>\n\n\n\n<p>Anaya afirm\u00f3 que el 8 de marzo suele haber \u201cexpresiones de apoyo\u201d que, sin embargo, no se traducen en hechos, porque \u201cel problema es que muchos pol\u00edticos dicen y dicen pero no hacen nada\u201d.<\/p>\n\n\n\n<blockquote class=\"wp-block-quote is-layout-flow wp-block-quote-is-layout-flow\"><p>\u201cDicen que las apoyan, pero cancelan los refugios para mujeres v\u00edctimas de violencia. Cancelan las estancias infantiles. Cancelan las escuelas de tiempo completo\u201d, en alusi\u00f3n a las pol\u00edticas de L\u00f3pez Obrador.<\/p><\/blockquote>\n\n\n\n<p>Para el panista, este gobierno no les ha dado m\u00e1s a las mujeres, les ha quitado lo que ten\u00edan y cuando ellas han alzado la voz, les ha levantado vallas para impedirles llegar<\/p>\n\n\n\n<blockquote class=\"wp-block-quote is-layout-flow wp-block-quote-is-layout-flow\"><p>\u201cEsto tiene que cambiar, ojal\u00e1 que este a\u00f1o el D\u00eda de las Mujeres sea un festejo de hechos, no de dichos. Porque hechos son Ministerios P\u00fablicos que tengan una formaci\u00f3n con perspectiva de g\u00e9nero. Hechos son guarder\u00edas, refugios, escuelas de tiempo completo, poner fin a los feminicidios. Esos son hechos, no dichos\u201d, consider\u00f3.<\/p><\/blockquote>\n\n\n\n<p>Finalmente, sobre la marcha convocada por numerosas asociaciones y colectivos para conmemorar el 8M, expres\u00f3 que ojal\u00e1, cuando otra vez las mujeres marchen para pedir seguridad, para exigir justicia, para clamar que pare la violencia, sean escuchadas.<\/p>\n\n\n\n<blockquote class=\"wp-block-quote is-layout-flow wp-block-quote-is-layout-flow\"><p>\u201cPorque el futuro de M\u00e9xico solo llegar\u00e1 de la mano de las mujeres. Mucho tenemos que hacer para que las mujeres tengan las condiciones de vida y las oportunidades de desarrollo que, con toda raz\u00f3n, reclaman y merecen\u201d, expres\u00f3.<\/p><\/blockquote>\n\n\n\n<p>Fuente: <a href=\"https:\/\/www.forbes.com.mx\/anaya-alerta-sobre-las-4-mil-mujeres-asesinadas-en-4-anos-del-gobierno-de-amlo\/\" data-type=\"URL\" data-id=\"https:\/\/www.forbes.com.mx\/anaya-alerta-sobre-las-4-mil-mujeres-asesinadas-en-4-anos-del-gobierno-de-amlo\/\">Forbes<\/a><\/p>\n","protected":false},"excerpt":{"rendered":"<p>Ricardo Anaya alert\u00f3 sobre la cifra de feminicidios durante los cuatro primeros a\u00f1os del gobierno de Andr\u00e9s Manuel L\u00f3pez Obrador, la cual es de 4 mil, una herida para M\u00e9xico. \u201cLa cifra es alarmante, 4 mil mujeres asesinadas en los 4 a\u00f1os de este gobierno, por ser mujeres. Eso es de verdad una herida abierta [&hellip;]<\/p>\n","protected":false},"author":35,"featured_media":59342,"comment_status":"open","ping_status":"open","sticky":false,"template":"","format":"standard","meta":{"_monsterinsights_skip_tracking":false,"_monsterinsights_sitenote_active":false,"_monsterinsights_sitenote_note":"","_monsterinsights_sitenote_category":0,"footnotes":""},"categories":[158],"tags":[437,188,202,299,509],"class_list":["post-97197","post","type-post","status-publish","format-standard","has-post-thumbnail","hentry","category-politica","tag-alerta","tag-amlo","tag-feminicidios","tag-gobierno","tag-ricardo-anaya","wp-image-borders"],"amp_enabled":true,"_links":{"self":[{"href":"https:\/\/nvnoticias.mx\/index.php\/wp-json\/wp\/v2\/posts\/97197","targetHints":{"allow":["GET"]}}],"collection":[{"href":"https:\/\/nvnoticias.mx\/index.php\/wp-json\/wp\/v2\/posts"}],"about":[{"href":"https:\/\/nvnoticias.mx\/index.php\/wp-json\/wp\/v2\/types\/post"}],"author":[{"embeddable":true,"href":"https:\/\/nvnoticias.mx\/index.php\/wp-json\/wp\/v2\/users\/35"}],"replies":[{"embeddable":true,"href":"https:\/\/nvnoticias.mx\/index.php\/wp-json\/wp\/v2\/comments?post=97197"}],"version-history":[{"count":1,"href":"https:\/\/nvnoticias.mx\/index.php\/wp-json\/wp\/v2\/posts\/97197\/revisions"}],"predecessor-version":[{"id":97198,"href":"https:\/\/nvnoticias.mx\/index.php\/wp-json\/wp\/v2\/posts\/97197\/revisions\/97198"}],"wp:featuredmedia":[{"embeddable":true,"href":"https:\/\/nvnoticias.mx\/index.php\/wp-json\/wp\/v2\/media\/59342"}],"wp:attachment":[{"href":"https:\/\/nvnoticias.mx\/index.php\/wp-json\/wp\/v2\/media?parent=97197"}],"wp:term":[{"taxonomy":"category","embeddable":true,"href":"https:\/\/nvnoticias.mx\/index.php\/wp-json\/wp\/v2\/categories?post=97197"},{"taxonomy":"post_tag","embeddable":true,"href":"https:\/\/nvnoticias.mx\/index.php\/wp-json\/wp\/v2\/tags?post=97197"}],"curies":[{"name":"wp","href":"https:\/\/api.w.org\/{rel}","templated":true}]}}