{"id":97188,"date":"2023-03-06T14:22:34","date_gmt":"2023-03-06T20:22:34","guid":{"rendered":"https:\/\/nvnoticias.mx\/?p=97188"},"modified":"2023-03-06T14:22:34","modified_gmt":"2023-03-06T20:22:34","slug":"lista-entrega-de-la-medalla-maria-teresa-de-medina-y-miranda","status":"publish","type":"post","link":"https:\/\/nvnoticias.mx\/index.php\/2023\/03\/06\/lista-entrega-de-la-medalla-maria-teresa-de-medina-y-miranda\/","title":{"rendered":"Lista, entrega de la Medalla Mar\u00eda Teresa de Medina y Miranda"},"content":{"rendered":"\n<p>Xalapa, Ver.- Para refrendar su compromiso con la defensa y promoci\u00f3n de los derechos de las mujeres, el Ayuntamiento, a trav\u00e9s del Instituto Municipal de las Mujeres de Xalapa (IMMX), entregar\u00e1 la medalla Mar\u00eda Teresa de Medina y Miranda en Sesi\u00f3n Solemne de Cabildo, programada para las 10:00 horas del pr\u00f3ximo 8 de Marzo, D\u00eda Internacional de la Mujer (8M).<\/p>\n\n\n\n<p>De acuerdo con la titular del Instituto, Zaira del Toro Olivares, para esta edici\u00f3n se postularon 17 mujeres con destacada trayectoria en materia de Derechos Humanos, entre quienes se eligi\u00f3 a una para ser reconocida con esta condecoraci\u00f3n.<\/p>\n\n\n\n<p>Adem\u00e1s, dio a conocer que durante marzo se realizar\u00e1n varios eventos en coordinaci\u00f3n con la iniciativa privada y el sector educativo, donde destacan capacitaciones en temas como empoderamiento de las mujeres, promoci\u00f3n de los servicios del IMMX y conferencias sobre igualdad, masculinidades positivas y temas de emprendimimiento para mujeres.<\/p>\n\n\n\n<p>Tambi\u00e9n, sobre la creaci\u00f3n de espacios seguros para mujeres turistas mediante la capacitaci\u00f3n a prestadores de servicios tur\u00edsticos, y una charla sobre la importancia del uso del lenguaje incluyente y no sexista.<\/p>\n\n\n\n<p>De igual forma, en los Centros Comunitarios se desarrollar\u00e1n actividades relacionadas al 8M y la importancia de difundir los servicios municipales, del IMMX y el acceso a los Derechos Humanos de todas las mujeres.<\/p>\n\n\n\n<p>Finalmente, inform\u00f3 que tambi\u00e9n se organizar\u00e1 una carrera, como una actividad recreativa con la participaci\u00f3n de mujeres y hombres, para fomentar la convivencia familiar, evento que se llevar\u00e1 a cabo en Los Lagos.<\/p>\n","protected":false},"excerpt":{"rendered":"<p>Xalapa, Ver.- Para refrendar su compromiso con la defensa y promoci\u00f3n de los derechos de las mujeres, el Ayuntamiento, a trav\u00e9s del Instituto Municipal de las Mujeres de Xalapa (IMMX), entregar\u00e1 la medalla Mar\u00eda Teresa de Medina y Miranda en Sesi\u00f3n Solemne de Cabildo, programada para las 10:00 horas del pr\u00f3ximo 8 de Marzo, D\u00eda [&hellip;]<\/p>\n","protected":false},"author":35,"featured_media":97189,"comment_status":"open","ping_status":"open","sticky":false,"template":"","format":"standard","meta":{"_monsterinsights_skip_tracking":false,"_monsterinsights_sitenote_active":false,"_monsterinsights_sitenote_note":"","_monsterinsights_sitenote_category":0,"footnotes":""},"categories":[156],"tags":[6439,21411],"class_list":["post-97188","post","type-post","status-publish","format-standard","has-post-thumbnail","hentry","category-estado","tag-entrega","tag-medalla-maria-teresa-de-medina-y-miranda","wp-image-borders"],"amp_enabled":true,"_links":{"self":[{"href":"https:\/\/nvnoticias.mx\/index.php\/wp-json\/wp\/v2\/posts\/97188","targetHints":{"allow":["GET"]}}],"collection":[{"href":"https:\/\/nvnoticias.mx\/index.php\/wp-json\/wp\/v2\/posts"}],"about":[{"href":"https:\/\/nvnoticias.mx\/index.php\/wp-json\/wp\/v2\/types\/post"}],"author":[{"embeddable":true,"href":"https:\/\/nvnoticias.mx\/index.php\/wp-json\/wp\/v2\/users\/35"}],"replies":[{"embeddable":true,"href":"https:\/\/nvnoticias.mx\/index.php\/wp-json\/wp\/v2\/comments?post=97188"}],"version-history":[{"count":1,"href":"https:\/\/nvnoticias.mx\/index.php\/wp-json\/wp\/v2\/posts\/97188\/revisions"}],"predecessor-version":[{"id":97190,"href":"https:\/\/nvnoticias.mx\/index.php\/wp-json\/wp\/v2\/posts\/97188\/revisions\/97190"}],"wp:featuredmedia":[{"embeddable":true,"href":"https:\/\/nvnoticias.mx\/index.php\/wp-json\/wp\/v2\/media\/97189"}],"wp:attachment":[{"href":"https:\/\/nvnoticias.mx\/index.php\/wp-json\/wp\/v2\/media?parent=97188"}],"wp:term":[{"taxonomy":"category","embeddable":true,"href":"https:\/\/nvnoticias.mx\/index.php\/wp-json\/wp\/v2\/categories?post=97188"},{"taxonomy":"post_tag","embeddable":true,"href":"https:\/\/nvnoticias.mx\/index.php\/wp-json\/wp\/v2\/tags?post=97188"}],"curies":[{"name":"wp","href":"https:\/\/api.w.org\/{rel}","templated":true}]}}