{"id":97142,"date":"2023-03-06T12:39:26","date_gmt":"2023-03-06T18:39:26","guid":{"rendered":"https:\/\/nvnoticias.mx\/?p=97142"},"modified":"2023-03-06T14:37:07","modified_gmt":"2023-03-06T20:37:07","slug":"abandonan-trailer-con-mas-de-340-migrantes-sobre-la-carretera-la-tinaja-cosamaloapan","status":"publish","type":"post","link":"https:\/\/nvnoticias.mx\/index.php\/2023\/03\/06\/abandonan-trailer-con-mas-de-340-migrantes-sobre-la-carretera-la-tinaja-cosamaloapan\/","title":{"rendered":"Abandonan tr\u00e1iler con m\u00e1s de 340 migrantes sobre la carretera La Tinaja-Cosamaloapan"},"content":{"rendered":"\n<p>El Instituto Nacional de Migraci\u00f3n, en coordinaci\u00f3n con la Agencia de Investigaci\u00f3n Criminal (AIC) de la Fiscal\u00eda General de la Rep\u00fablica (FGR), rescat\u00f3 a 343 migrantes extranjeros abandonados en la caja de un tr\u00e1iler sobre la carretera federal 145, La Tinaja-Cosamaloapan.<\/p>\n\n\n\n<p>Entre los extranjeros viajaban 103 menores de edad no acompa\u00f1ados, provenientes en su mayor\u00eda de Guatemala.<\/p>\n\n\n\n<p>Tambi\u00e9n iban en la unidad de carga 212 mayores de edad originarios de Guatemala, Honduras, El Salvador y Ecuador, as\u00ed como 28 personas migrantes m\u00e1s, que conforman varios n\u00facleos familiares de Guatemala y El Salvador.<\/p>\n\n\n\n<figure class=\"wp-block-embed aligncenter is-type-rich is-provider-twitter wp-block-embed-twitter\"><div class=\"wp-block-embed__wrapper\">\n<blockquote class=\"twitter-tweet\" data-width=\"550\" data-dnt=\"true\"><p lang=\"es\" dir=\"ltr\"><a href=\"https:\/\/twitter.com\/hashtag\/Comunicado?src=hash&amp;ref_src=twsrc%5Etfw\">#Comunicado<\/a> ????\ufe0f| <a href=\"https:\/\/twitter.com\/INAMI_mx?ref_src=twsrc%5Etfw\">@INAMI_mx<\/a>, en coordinaci\u00f3n con la Agencia de Investigaci\u00f3n Criminal de <a href=\"https:\/\/twitter.com\/FGRMexico?ref_src=twsrc%5Etfw\">@FGRMexico<\/a>, rescat\u00f3 anoche a 343 migrantes extranjeros que se encontraban en la caja de un tr\u00e1iler abandonado en la carretera Cosamaloapan-La Tinaja, Veracruz. <a href=\"https:\/\/t.co\/v25bSBNb8W\">https:\/\/t.co\/v25bSBNb8W<\/a> <a href=\"https:\/\/t.co\/JGhWOlbvkp\">pic.twitter.com\/JGhWOlbvkp<\/a><\/p>&mdash; INM (@INAMI_mx) <a href=\"https:\/\/twitter.com\/INAMI_mx\/status\/1632787980623708160?ref_src=twsrc%5Etfw\">March 6, 2023<\/a><\/blockquote><script async src=\"https:\/\/platform.twitter.com\/widgets.js\" charset=\"utf-8\"><\/script>\n<\/div><\/figure>\n\n\n\n<p>El tr\u00e1iler fue localizado en la carretera ya sin conductor, y se detect\u00f3 la presencia de personas al interior de la caja, la cual contaba con un doble piso de estructuras met\u00e1licas, as\u00ed como ventiladores anclados en la parte baja y ventilas en el techo.<\/p>\n\n\n\n<p>Las personas migrantes extranjeras, portaban brazaletes de colores como medio de identificaci\u00f3n.<\/p>\n\n\n\n<p>Los menores no acompa\u00f1ados como quienes conforman los n\u00facleos familiares, quedar\u00e1n bajo la tutela del Sistema para el Desarrollo Integral de la Familia (SDIF) del estado, y las personas mayores de edad iniciar\u00e1n el procedimiento administrativo para definir su situaci\u00f3n jur\u00eddica en territorio nacional.<\/p>\n\n\n\n<p>Fuente: <a href=\"https:\/\/www.milenio.com\/estados\/en-veracruz-trailer-es-abandonado-con-mas-de-340-migrantes\">Milenio<\/a><\/p>\n","protected":false},"excerpt":{"rendered":"<p>El Instituto Nacional de Migraci\u00f3n, en coordinaci\u00f3n con la Agencia de Investigaci\u00f3n Criminal (AIC) de la Fiscal\u00eda General de la Rep\u00fablica (FGR), rescat\u00f3 a 343 migrantes extranjeros abandonados en la caja de un tr\u00e1iler sobre la carretera federal 145, La Tinaja-Cosamaloapan. Entre los extranjeros viajaban 103 menores de edad no acompa\u00f1ados, provenientes en su mayor\u00eda [&hellip;]<\/p>\n","protected":false},"author":8,"featured_media":97143,"comment_status":"open","ping_status":"open","sticky":false,"template":"","format":"standard","meta":{"_monsterinsights_skip_tracking":false,"_monsterinsights_sitenote_active":false,"_monsterinsights_sitenote_note":"","_monsterinsights_sitenote_category":0,"footnotes":""},"categories":[154],"tags":[23667,452,6843],"class_list":["post-97142","post","type-post","status-publish","format-standard","has-post-thumbnail","hentry","category-veracruz","tag-la-tinaja-cosamaloapan","tag-migrantes","tag-trailer-2","wp-image-borders"],"amp_enabled":true,"_links":{"self":[{"href":"https:\/\/nvnoticias.mx\/index.php\/wp-json\/wp\/v2\/posts\/97142","targetHints":{"allow":["GET"]}}],"collection":[{"href":"https:\/\/nvnoticias.mx\/index.php\/wp-json\/wp\/v2\/posts"}],"about":[{"href":"https:\/\/nvnoticias.mx\/index.php\/wp-json\/wp\/v2\/types\/post"}],"author":[{"embeddable":true,"href":"https:\/\/nvnoticias.mx\/index.php\/wp-json\/wp\/v2\/users\/8"}],"replies":[{"embeddable":true,"href":"https:\/\/nvnoticias.mx\/index.php\/wp-json\/wp\/v2\/comments?post=97142"}],"version-history":[{"count":1,"href":"https:\/\/nvnoticias.mx\/index.php\/wp-json\/wp\/v2\/posts\/97142\/revisions"}],"predecessor-version":[{"id":97144,"href":"https:\/\/nvnoticias.mx\/index.php\/wp-json\/wp\/v2\/posts\/97142\/revisions\/97144"}],"wp:featuredmedia":[{"embeddable":true,"href":"https:\/\/nvnoticias.mx\/index.php\/wp-json\/wp\/v2\/media\/97143"}],"wp:attachment":[{"href":"https:\/\/nvnoticias.mx\/index.php\/wp-json\/wp\/v2\/media?parent=97142"}],"wp:term":[{"taxonomy":"category","embeddable":true,"href":"https:\/\/nvnoticias.mx\/index.php\/wp-json\/wp\/v2\/categories?post=97142"},{"taxonomy":"post_tag","embeddable":true,"href":"https:\/\/nvnoticias.mx\/index.php\/wp-json\/wp\/v2\/tags?post=97142"}],"curies":[{"name":"wp","href":"https:\/\/api.w.org\/{rel}","templated":true}]}}