{"id":97010,"date":"2023-03-05T15:51:00","date_gmt":"2023-03-05T21:51:00","guid":{"rendered":"https:\/\/nvnoticias.mx\/?p=97010"},"modified":"2023-03-06T02:45:29","modified_gmt":"2023-03-06T08:45:29","slug":"pide-norma-pina-a-jueces-prudencia-en-resolucion-de-casos-sin-confundir-con-cobardia","status":"publish","type":"post","link":"https:\/\/nvnoticias.mx\/index.php\/2023\/03\/05\/pide-norma-pina-a-jueces-prudencia-en-resolucion-de-casos-sin-confundir-con-cobardia\/","title":{"rendered":"Pide Norma Pi\u00f1a a jueces prudencia en resoluci\u00f3n de casos, sin confundir con cobard\u00eda"},"content":{"rendered":"\n<p>Durante el encuentro con juezas y jueces y magistradas y magistrados en el edificio sede de San L\u00e1zaro, la\u00a0<strong>ministra Norma Pi\u00f1a<\/strong>, presidenta del Consejo de la Judicatura Federal (CJF) y presidenta de la Suprema Corte de Justicia de la Naci\u00f3n (SCJN), solicit\u00f3 a los juzgadores\u00a0<strong>prudencia\u00a0<\/strong>en sus resoluciones, sin que se confunda con cobard\u00eda.<\/p>\n\n\n\n<blockquote class=\"wp-block-quote is-layout-flow wp-block-quote-is-layout-flow\"><p>\u201cNo son tiempos f\u00e1ciles en ninguna parte del mundo, pero, si actuamos con responsabilidad, con prudencia de juzgadores, sin que se confunda con cobard\u00eda, todos saldremos adelante\u201d, se\u00f1al\u00f3 la Ministra presidenta de acuerdo al comunicado del Consejo de la Judicatura de la Federaci\u00f3n (CJF).<\/p><\/blockquote>\n\n\n\n<p>Tambi\u00e9n llam\u00f3 a los juzgadores a ser guardianes de la Constituci\u00f3n, \u201cesa es nuestra fuerza, esa es nuestra dignidad y, al mismo tiempo, es nuestra responsabilidad\u201d.<\/p>\n\n\n\n<p>Resalt\u00f3 que, como juzgadores, se tiene una<strong>\u00a0doble responsabilidad<\/strong>.<\/p>\n\n\n\n<blockquote class=\"wp-block-quote is-layout-flow wp-block-quote-is-layout-flow\"><p>\u201cPrimero con la familia, porque lo que hacemos como figuras p\u00fablicas repercute en ella; y la segunda con el PJF, porque al estar en el foco de atenci\u00f3n, lo que haga uno repercute en todos, de ah\u00ed que los exhort\u00f3 actuar en unidad\u201d, expuso.<\/p><\/blockquote>\n\n\n\n<p>Pi\u00f1a Hern\u00e1ndez indic\u00f3 que existe el compromiso de generar mejores condiciones de trabajo para los juzgadores del pa\u00eds mediante el ejercicio eficiente y responsable del presupuesto p\u00fablico.<\/p>\n\n\n\n<p>Ante los 131 asistentes, la presidenta del cuerpo colegiado reconoci\u00f3 la vocaci\u00f3n y entrega de los juzgadoras y los servidores p\u00fablicos del Poder Judicial de la Federaci\u00f3n, que a diario realizan sus funciones con compromiso institucional y orgullo de pertenecer al&nbsp;<a href=\"https:\/\/www.eluniversal.com.mx\/tag\/pjf\" target=\"_blank\" rel=\"noreferrer noopener\"><strong>PJF<\/strong><\/a>.<\/p>\n\n\n\n<p>Los juzgadores calificaron como importante entablar un di\u00e1logo directo con las autoridades del Consejo de la Judicatura Federal, ya que les permite exponer sus necesidades, as\u00ed como los desaf\u00edos que enfrentan cotidianamente.<\/p>\n\n\n\n<p>Al t\u00e9rmino del encuentro, la Ministra recorri\u00f3 las instalaciones del edificio sede de San L\u00e1zaro y visit\u00f3 diversos \u00f3rganos jurisdiccionales en los que tuvo oportunidad de saludar al personal, asimismo hizo un recorrido por el Cendi y el servicio m\u00e9dico.<br>\u00a0<br>\u00a0A la reuni\u00f3n asistieron jueces de Distrito, magistradas y magistrados de Circuito en materia Civil y de Trabajo, adem\u00e1s del Centro Auxiliar de la Primera Regi\u00f3n, con residencia en la CDMX.<\/p>\n\n\n\n<p>Hace unos d\u00edas, la Asociaci\u00f3n Nacional de Magistrados de Circuito y Jueces de Distrito conden\u00f3 los hechos que incitan a la violencia, ya \u00a0que en redes sociales empez\u00f3 a circular una\u00a0<strong>amenaza de muerte<\/strong>\u00a0en contra de la Ministra presidenta.<\/p>\n\n\n\n<p>Fuente: <a href=\"https:\/\/www.eluniversal.com.mx\/nacion\/llama-ministra-norma-pina-jueces-tener-prudencia-en-la-resolucion-de-casos\">El Universal<\/a><\/p>\n","protected":false},"excerpt":{"rendered":"<p>Durante el encuentro con juezas y jueces y magistradas y magistrados en el edificio sede de San L\u00e1zaro, la\u00a0ministra Norma Pi\u00f1a, presidenta del Consejo de la Judicatura Federal (CJF) y presidenta de la Suprema Corte de Justicia de la Naci\u00f3n (SCJN), solicit\u00f3 a los juzgadores\u00a0prudencia\u00a0en sus resoluciones, sin que se confunda con cobard\u00eda. \u201cNo son [&hellip;]<\/p>\n","protected":false},"author":7,"featured_media":88670,"comment_status":"open","ping_status":"open","sticky":false,"template":"","format":"standard","meta":{"_monsterinsights_skip_tracking":false,"_monsterinsights_sitenote_active":false,"_monsterinsights_sitenote_note":"","_monsterinsights_sitenote_category":0,"footnotes":""},"categories":[157],"tags":[8007,5401,22241,23651,10917],"class_list":["post-97010","post","type-post","status-publish","format-standard","has-post-thumbnail","hentry","category-nacional","tag-caso","tag-jueces","tag-norma-pina","tag-prudencia","tag-resolucion","wp-image-borders"],"amp_enabled":true,"_links":{"self":[{"href":"https:\/\/nvnoticias.mx\/index.php\/wp-json\/wp\/v2\/posts\/97010","targetHints":{"allow":["GET"]}}],"collection":[{"href":"https:\/\/nvnoticias.mx\/index.php\/wp-json\/wp\/v2\/posts"}],"about":[{"href":"https:\/\/nvnoticias.mx\/index.php\/wp-json\/wp\/v2\/types\/post"}],"author":[{"embeddable":true,"href":"https:\/\/nvnoticias.mx\/index.php\/wp-json\/wp\/v2\/users\/7"}],"replies":[{"embeddable":true,"href":"https:\/\/nvnoticias.mx\/index.php\/wp-json\/wp\/v2\/comments?post=97010"}],"version-history":[{"count":1,"href":"https:\/\/nvnoticias.mx\/index.php\/wp-json\/wp\/v2\/posts\/97010\/revisions"}],"predecessor-version":[{"id":97011,"href":"https:\/\/nvnoticias.mx\/index.php\/wp-json\/wp\/v2\/posts\/97010\/revisions\/97011"}],"wp:featuredmedia":[{"embeddable":true,"href":"https:\/\/nvnoticias.mx\/index.php\/wp-json\/wp\/v2\/media\/88670"}],"wp:attachment":[{"href":"https:\/\/nvnoticias.mx\/index.php\/wp-json\/wp\/v2\/media?parent=97010"}],"wp:term":[{"taxonomy":"category","embeddable":true,"href":"https:\/\/nvnoticias.mx\/index.php\/wp-json\/wp\/v2\/categories?post=97010"},{"taxonomy":"post_tag","embeddable":true,"href":"https:\/\/nvnoticias.mx\/index.php\/wp-json\/wp\/v2\/tags?post=97010"}],"curies":[{"name":"wp","href":"https:\/\/api.w.org\/{rel}","templated":true}]}}