{"id":97008,"date":"2023-03-05T17:37:00","date_gmt":"2023-03-05T23:37:00","guid":{"rendered":"https:\/\/nvnoticias.mx\/?p=97008"},"modified":"2023-03-05T22:46:31","modified_gmt":"2023-03-06T04:46:31","slug":"regresa-margarita-zavala-a-legislar-y-presenta-su-primer-iniciativa","status":"publish","type":"post","link":"https:\/\/nvnoticias.mx\/index.php\/2023\/03\/05\/regresa-margarita-zavala-a-legislar-y-presenta-su-primer-iniciativa\/","title":{"rendered":"Regresa Margarita Zavala a legislar y presenta su primer iniciativa"},"content":{"rendered":"\n<p class=\"wp-block-paragraph\"><strong>Margarita Zavala<\/strong>, diputada federal por el Partido Acci\u00f3n Nacional (<strong>PAN<\/strong>), reapareci\u00f3 en su ejercicio legislativo tras ausentarse algunos d\u00edas y propuso una iniciativa para reformar las leyes de\u00a0<strong>Asistencia Social y la General de Ni\u00f1os, Ni\u00f1as y Adolescentes<\/strong>, con el objetivo de que el personal de asistencia social cuente con certificaci\u00f3n.<\/p>\n\n\n\n<p class=\"wp-block-paragraph\">Para materializar dicho prop\u00f3sito, la egresada de la Escuela Libre de Derecho plante\u00f3 una serie de modificaciones a la<strong>&nbsp;Ley General de los Derechos de Ni\u00f1os, Ni\u00f1as y Adolescentes&nbsp;<\/strong>(LGDNNA), esto para que se establezca que el Registro Nacional de Centros de Asistencia Social deber\u00e1 contar con comprobantes de certificaci\u00f3n, con enfoque en los derechos de la ni\u00f1ez, sobre todo el personal que labora en los&nbsp;<strong>Centros de Asistencia Social<\/strong>.<\/p>\n\n\n\n<p class=\"wp-block-paragraph\">Espec\u00edficamente, se trata de reformar los art\u00edculos 111 y 112 de dicha Ley, asimismo, especific\u00f3 que esto guarda la finalidad de efectuar\u00a0<strong>una labor con una capacitaci\u00f3n integral<\/strong>, as\u00ed como la del director general y representante legal para que los menores resulten beneficiados con una atenci\u00f3n especializada en materia.<\/p>\n\n\n\n<p class=\"wp-block-paragraph\"><strong>Zavala G\u00f3mez del Campo<\/strong>\u00a0se\u00f1al\u00f3 que la obligaci\u00f3n de los titulares o responsables legales de esos Centros de brindar las facilidades a las Procuradur\u00edas de Protecci\u00f3n para que realicen la verificaci\u00f3n sea de manera semestral. Asimismo, el paquete de modificaciones aplica en\u00a0<strong>los art\u00edculos 10 y 28 de la Ley de Asistencia Social\u00a0<\/strong>(<strong>LAS<\/strong>), donde se apunta que los sujetos de atenci\u00f3n tendr\u00e1n derecho a recibir servicios por parte de personal certificado.<\/p>\n\n\n\n<p class=\"wp-block-paragraph\">Adem\u00e1s, el&nbsp;<strong>Sistema Nacional para el Desarrollo Integral de la Familia<\/strong>&nbsp;(SN-<strong>DIF<\/strong>) tendr\u00e1 la funci\u00f3n de promover la certificaci\u00f3n del personal encargado de la prestaci\u00f3n de los servicios de asistencia social. Y fue en este contexto donde el texto fue remitido a las Comisiones Unidas de Salud, y de Derechos de la Ni\u00f1ez y Adolescencia para su dictaminaci\u00f3n.<\/p>\n\n\n\n<p class=\"wp-block-paragraph\">Para defender esta iniciativa, la tambi\u00e9n ex primera dama explic\u00f3 que el objetivo de la certificaci\u00f3n es vigilar que los\u00a0<strong>Centros de Asistencia Social<\/strong>\u00a0cumplan con los est\u00e1ndares de calidad, capacidad y seguridad nacionales e internacionales requeridos, y que cuenten con los mecanismos e instrumentos necesarios para garantizar los derechos de las y los menores en M\u00e9xico.<\/p>\n\n\n\n<p class=\"wp-block-paragraph\">Aunado a ello, se espera que con esta iniciativa se asegure el cumplimiento de est\u00e1ndares de profesionalizaci\u00f3n del personal que brinda servicios a los usuarios de los&nbsp;<strong>Centros de Asistencia Social<\/strong>, y supervisar el cumplimiento de los objetivos de calidad integral de los servicios, cuidado y atenci\u00f3n que brindan.<\/p>\n\n\n\n<p class=\"wp-block-paragraph\">Durante su exposici\u00f3n de motivos, la panista refiri\u00f3 que en 2017 el\u00a0<strong>Instituto Nacional de Estad\u00edstica y Geograf\u00eda<\/strong>\u00a0(<strong>Inegi<\/strong>) calcul\u00f3 que exist\u00edan m\u00e1s de 30 mil ni\u00f1as, ni\u00f1os y adolescentes en albergues u orfanatos p\u00fablicos. Actualmente, en M\u00e9xico, de acuerdo con cifras oficiales, quedaron en orfandad 131 mil 325 ni\u00f1as y ni\u00f1os, que perdieron padre, madre o ambos, por causa del COVID-19.<\/p>\n\n\n\n<p class=\"wp-block-paragraph\">Como si esto no fuera suficiente, la licenciada en derecho record\u00f3 una recomendaci\u00f3n de la\u00a0<strong>Corte Interamericana de Derechos Humanos<\/strong>\u00a0(<strong>CIDH<\/strong>), en la que se solicita al gobierno garantizar el trato adecuado a este demogr\u00e1fico en situaci\u00f3n de vulnerabilidad, por lo que destac\u00f3 la necesidad de legislar al respecto.<\/p>\n\n\n\n<blockquote class=\"wp-block-quote is-layout-flow wp-block-quote-is-layout-flow\"><p>\u201cLa Corte Interamericana de Derechos Humanos ha se\u00f1alado que los ni\u00f1os y ni\u00f1as tienen derechos especiales a los que corresponden deberes espec\u00edficos por parte del Estado. Su condici\u00f3n exige una protecci\u00f3n especial que debe ser entendida como un derecho adicional y complementario a los dem\u00e1s derechos\u201d<\/p><\/blockquote>\n\n\n\n<p class=\"wp-block-paragraph\">Dicha iniciativa sale en un contexto convulso para Acci\u00f3n Nacional, pues el pasado 21 de febrero, la Corte de Brooklyn declar\u00f3 culpable a&nbsp;<strong>Genaro Garc\u00eda Luna<\/strong>, el \u201csuper polic\u00eda\u201d de los gobiernos de&nbsp;<strong>Vicente Fox y Felipe Calder\u00f3n<\/strong>&nbsp;\u2014esposo de Margarita Zavala\u2014, motivo por el cual se critic\u00f3 severamente a los dos<strong>&nbsp;gobiernos emanados del PAN&nbsp;<\/strong>(de 2000 a 2012) en materia de seguridad.<\/p>\n\n\n\n<p class=\"wp-block-paragraph\">Adem\u00e1s, desde que se dio el veredicto contra el narcotraficante mexicano, que fung\u00eda como secretario de Seguridad P\u00fablica durante el sexenio de<strong>\u00a0Felipe Calder\u00f3n, Margarita Zavala<\/strong>\u00a0llam\u00f3 la atenci\u00f3n de la 4T por ausentarse de la C\u00e1mara de Diputados, ya que fue hasta este viernes 3 de marzo que reapareci\u00f3 en el Pleno del Palacio de San L\u00e1zaro.<\/p>\n\n\n\n<p class=\"wp-block-paragraph\">Fuente: <a href=\"https:\/\/www.infobae.com\/mexico\/2023\/03\/05\/margarita-zavala-ya-regreso-a-legislar-y-esta-es-su-primer-iniciativa\/\">Infobae<\/a><\/p>\n","protected":false},"excerpt":{"rendered":"<p>Margarita Zavala, diputada federal por el Partido Acci\u00f3n Nacional (PAN), reapareci\u00f3 en su ejercicio legislativo tras ausentarse algunos d\u00edas y propuso una iniciativa para reformar las leyes de\u00a0Asistencia Social y la General de Ni\u00f1os, Ni\u00f1as y Adolescentes, con el objetivo de que el personal de asistencia social cuente con certificaci\u00f3n. Para materializar dicho prop\u00f3sito, la [&hellip;]<\/p>\n","protected":false},"author":7,"featured_media":20809,"comment_status":"open","ping_status":"open","sticky":false,"template":"","format":"standard","meta":{"_monsterinsights_skip_tracking":false,"footnotes":""},"categories":[158],"tags":[1260,12608,1046,284],"class_list":["post-97008","post","type-post","status-publish","format-standard","has-post-thumbnail","hentry","category-politica","tag-iniciativa","tag-legislar","tag-margarita-zavala","tag-pan","wp-image-borders"],"amp_enabled":true,"_links":{"self":[{"href":"https:\/\/nvnoticias.mx\/index.php\/wp-json\/wp\/v2\/posts\/97008","targetHints":{"allow":["GET"]}}],"collection":[{"href":"https:\/\/nvnoticias.mx\/index.php\/wp-json\/wp\/v2\/posts"}],"about":[{"href":"https:\/\/nvnoticias.mx\/index.php\/wp-json\/wp\/v2\/types\/post"}],"author":[{"embeddable":true,"href":"https:\/\/nvnoticias.mx\/index.php\/wp-json\/wp\/v2\/users\/7"}],"replies":[{"embeddable":true,"href":"https:\/\/nvnoticias.mx\/index.php\/wp-json\/wp\/v2\/comments?post=97008"}],"version-history":[{"count":1,"href":"https:\/\/nvnoticias.mx\/index.php\/wp-json\/wp\/v2\/posts\/97008\/revisions"}],"predecessor-version":[{"id":97009,"href":"https:\/\/nvnoticias.mx\/index.php\/wp-json\/wp\/v2\/posts\/97008\/revisions\/97009"}],"wp:featuredmedia":[{"embeddable":true,"href":"https:\/\/nvnoticias.mx\/index.php\/wp-json\/wp\/v2\/media\/20809"}],"wp:attachment":[{"href":"https:\/\/nvnoticias.mx\/index.php\/wp-json\/wp\/v2\/media?parent=97008"}],"wp:term":[{"taxonomy":"category","embeddable":true,"href":"https:\/\/nvnoticias.mx\/index.php\/wp-json\/wp\/v2\/categories?post=97008"},{"taxonomy":"post_tag","embeddable":true,"href":"https:\/\/nvnoticias.mx\/index.php\/wp-json\/wp\/v2\/tags?post=97008"}],"curies":[{"name":"wp","href":"https:\/\/api.w.org\/{rel}","templated":true}]}}