{"id":96957,"date":"2023-03-05T11:30:22","date_gmt":"2023-03-05T17:30:22","guid":{"rendered":"https:\/\/nvnoticias.mx\/?p=96957"},"modified":"2023-03-05T11:30:23","modified_gmt":"2023-03-05T17:30:23","slug":"advierten-contadores-por-mayor-fiscalizacion-este-ano","status":"publish","type":"post","link":"https:\/\/nvnoticias.mx\/index.php\/2023\/03\/05\/advierten-contadores-por-mayor-fiscalizacion-este-ano\/","title":{"rendered":"Advierten contadores por mayor fiscalizaci\u00f3n este a\u00f1o"},"content":{"rendered":"\n<p><strong>Jes\u00fas Utrilla | NV Noticias<\/strong><\/p>\n\n\n\n<p>Con la entrada en vigor de la versi\u00f3n 4.0 de la emisi\u00f3n del Comprobante Fiscal Digital por Internet, habr\u00e1 mayor fiscalizaci\u00f3n. <\/p>\n\n\n\n<p>Ram\u00f3n Ortega D\u00edaz, presidente del Colegio de Contadores P\u00fablicos de Veracruz, dijo que habr\u00e1 mayor cruce de informaci\u00f3n porque m\u00e1s de la mitad del Presupuesto de Ingresos de la Federaci\u00f3n 2023, est\u00e1 basado en ingreso tributarios.<\/p>\n\n\n\n<p>Advirti\u00f3 que habr\u00e1 m\u00e1s multas por temas de incumplimiento por lo que exhort\u00f3 a efectuar debidamente el cruce del Comprobante Fiscal Digital por Internet y actualizarse con los cambios.<\/p>\n\n\n\n<blockquote class=\"wp-block-quote is-layout-flow wp-block-quote-is-layout-flow\"><p>\u201cA pesar que a nivel mundial se espera una recesi\u00f3n, M\u00e9xico esos criterios generales, no prev\u00e9 una recesi\u00f3n, es m\u00e1s ni una desaceleraci\u00f3n y es algo le comentan mucho al gobierno por sus variables econ\u00f3micas. Cuando veamos una disminuci\u00f3n en recaudaci\u00f3n, el primero ser\u00eda el IVA, ya sin hacer reforma habr\u00e1 recaudaci\u00f3n con figuras que ya se tiene con cruces de CFDIs\u201d.<\/p><\/blockquote>\n\n\n\n<p>Exhort\u00f3 a los contribuyentes a capacitarse respecto a los cambios fiscales de este a\u00f1o y atender cualquier notificaci\u00f3n que llegue a recibiros en el buz\u00f3n tributario.<\/p>\n\n\n\n<p>Afirm\u00f3 que en Veracruz el sem\u00e1foro de citas se encuentra en verde para atender a las personas en las oficinas del Servicio de Administraci\u00f3n Tributaria.<\/p>\n\n\n\n<blockquote class=\"wp-block-quote is-layout-flow wp-block-quote-is-layout-flow\"><p>\u201cLa autoridad estar\u00e1 mandando correos por primera vez si algo no cuadra. Posteriormente entrevistas virtuales y ya vendr\u00e1n luego solicitudes y cr\u00e9ditos fiscales y multas y ser\u00e1 m\u00e1s dif\u00edcil para el contribuyente\u201d.<\/p><\/blockquote>\n\n\n\n<p>Los cambios se tendr\u00e1n durante el primer trimestre del a\u00f1o y ser\u00e1 importante cumplir con las nuevas disposiciones, incluido el timbrado de n\u00f3mina.<\/p>\n","protected":false},"excerpt":{"rendered":"<p>Jes\u00fas Utrilla | NV Noticias Con la entrada en vigor de la versi\u00f3n 4.0 de la emisi\u00f3n del Comprobante Fiscal Digital por Internet, habr\u00e1 mayor fiscalizaci\u00f3n. Ram\u00f3n Ortega D\u00edaz, presidente del Colegio de Contadores P\u00fablicos de Veracruz, dijo que habr\u00e1 mayor cruce de informaci\u00f3n porque m\u00e1s de la mitad del Presupuesto de Ingresos de la [&hellip;]<\/p>\n","protected":false},"author":7,"featured_media":9024,"comment_status":"open","ping_status":"open","sticky":false,"template":"","format":"standard","meta":{"_monsterinsights_skip_tracking":false,"_monsterinsights_sitenote_active":false,"_monsterinsights_sitenote_note":"","_monsterinsights_sitenote_category":0,"footnotes":""},"categories":[154],"tags":[23631,17091,3438],"class_list":["post-96957","post","type-post","status-publish","format-standard","has-post-thumbnail","hentry","category-veracruz","tag-comprobante-fiscal-digital-por-internet","tag-contadores","tag-fiscalizacion","wp-image-borders"],"amp_enabled":true,"_links":{"self":[{"href":"https:\/\/nvnoticias.mx\/index.php\/wp-json\/wp\/v2\/posts\/96957","targetHints":{"allow":["GET"]}}],"collection":[{"href":"https:\/\/nvnoticias.mx\/index.php\/wp-json\/wp\/v2\/posts"}],"about":[{"href":"https:\/\/nvnoticias.mx\/index.php\/wp-json\/wp\/v2\/types\/post"}],"author":[{"embeddable":true,"href":"https:\/\/nvnoticias.mx\/index.php\/wp-json\/wp\/v2\/users\/7"}],"replies":[{"embeddable":true,"href":"https:\/\/nvnoticias.mx\/index.php\/wp-json\/wp\/v2\/comments?post=96957"}],"version-history":[{"count":1,"href":"https:\/\/nvnoticias.mx\/index.php\/wp-json\/wp\/v2\/posts\/96957\/revisions"}],"predecessor-version":[{"id":96958,"href":"https:\/\/nvnoticias.mx\/index.php\/wp-json\/wp\/v2\/posts\/96957\/revisions\/96958"}],"wp:featuredmedia":[{"embeddable":true,"href":"https:\/\/nvnoticias.mx\/index.php\/wp-json\/wp\/v2\/media\/9024"}],"wp:attachment":[{"href":"https:\/\/nvnoticias.mx\/index.php\/wp-json\/wp\/v2\/media?parent=96957"}],"wp:term":[{"taxonomy":"category","embeddable":true,"href":"https:\/\/nvnoticias.mx\/index.php\/wp-json\/wp\/v2\/categories?post=96957"},{"taxonomy":"post_tag","embeddable":true,"href":"https:\/\/nvnoticias.mx\/index.php\/wp-json\/wp\/v2\/tags?post=96957"}],"curies":[{"name":"wp","href":"https:\/\/api.w.org\/{rel}","templated":true}]}}