{"id":96955,"date":"2023-03-05T11:26:08","date_gmt":"2023-03-05T17:26:08","guid":{"rendered":"https:\/\/nvnoticias.mx\/?p=96955"},"modified":"2023-03-05T11:26:09","modified_gmt":"2023-03-05T17:26:09","slug":"se-mantiene-en-el-estado-la-alianza-pt-morena-pvem","status":"publish","type":"post","link":"https:\/\/nvnoticias.mx\/index.php\/2023\/03\/05\/se-mantiene-en-el-estado-la-alianza-pt-morena-pvem\/","title":{"rendered":"Se mantiene en el estado la alianza PT-Morena-PVEM"},"content":{"rendered":"\n<p><strong>Jes\u00fas Utrilla | NV Noticias<\/strong><\/p>\n\n\n\n<p>Las relaciones nacionales de Morena, el Partido Verde Ecologista de M\u00e9xico y el Partido del Trabajo, no repercutir\u00e1 en la posible coalici\u00f3n de Veracruz, se\u00f1al\u00f3 Juan Miguel G\u00f3ngora Sohle, coordinador regional del Partido del Trabajo.<\/p>\n\n\n\n<p>Dijo que de cara a las elecciones del 2024 preparan un bloque que obtenga el triunfo y de continuidad a las acciones actuales de los tres partidos. <\/p>\n\n\n\n<p>Adem\u00e1s las condiciones de Veracruz son distintas a las del norte o el resto del pa\u00eds.<\/p>\n\n\n\n<blockquote class=\"wp-block-quote is-layout-flow wp-block-quote-is-layout-flow\"><p>\u201cSe ha manifestado que la alianza no se rompe, as\u00ed se rompa en un estado no se rompe a nivel nacional. Estamos acompa\u00f1ando como siempre al presidente de la Rep\u00fablica y electoralmente es muy temprano para decir si se va a romper o no, pero nosotros esperamos que no, somos de la idea de que la unidad nos va a fortalecer\u201d.<\/p><\/blockquote>\n\n\n\n<p>Asimismo conf\u00edo en que la jornada de afiliaci\u00f3n que lleva a cabo el organismo pol\u00edtico a nivel nacional, permita fortalecerlo de cara 2024.<\/p>\n\n\n\n<p>Actualmente son 150 mil militantes en la entidad veracruzana y no descart\u00f3 que se sigan sumando m\u00e1s personas y cuadros exitosos que permitan sacar adelante los proyectos que el instituto tienen puerta.<\/p>\n\n\n\n<blockquote class=\"wp-block-quote is-layout-flow wp-block-quote-is-layout-flow\"><p>\u201cEstamos en revisi\u00f3n de los afiliados. Tenemos mucho que presentar y revisar que todos los afiliados de la campa\u00f1a anterior est\u00e9n correctamente afiliados porque si no nos multan con 100 mil pesos por cada militante que este mal\u201d.<\/p><\/blockquote>\n\n\n\n<p>Admiti\u00f3 que sus recursos son limitados y la \u00faltima sanci\u00f3n fue por 24 millones de pesos durante el bienio de Miguel \u00c1ngel Yunes Linares, debido a la falta de comprobaci\u00f3n de gastos de un mill\u00f3n de pesos.<\/p>\n","protected":false},"excerpt":{"rendered":"<p>Jes\u00fas Utrilla | NV Noticias Las relaciones nacionales de Morena, el Partido Verde Ecologista de M\u00e9xico y el Partido del Trabajo, no repercutir\u00e1 en la posible coalici\u00f3n de Veracruz, se\u00f1al\u00f3 Juan Miguel G\u00f3ngora Sohle, coordinador regional del Partido del Trabajo. Dijo que de cara a las elecciones del 2024 preparan un bloque que obtenga el [&hellip;]<\/p>\n","protected":false},"author":7,"featured_media":15552,"comment_status":"open","ping_status":"open","sticky":false,"template":"","format":"standard","meta":{"_monsterinsights_skip_tracking":false,"_monsterinsights_sitenote_active":false,"_monsterinsights_sitenote_note":"","_monsterinsights_sitenote_category":0,"footnotes":""},"categories":[154],"tags":[323,252,345,948],"class_list":["post-96955","post","type-post","status-publish","format-standard","has-post-thumbnail","hentry","category-veracruz","tag-alianza","tag-morena","tag-pt","tag-pvem","wp-image-borders"],"amp_enabled":true,"_links":{"self":[{"href":"https:\/\/nvnoticias.mx\/index.php\/wp-json\/wp\/v2\/posts\/96955","targetHints":{"allow":["GET"]}}],"collection":[{"href":"https:\/\/nvnoticias.mx\/index.php\/wp-json\/wp\/v2\/posts"}],"about":[{"href":"https:\/\/nvnoticias.mx\/index.php\/wp-json\/wp\/v2\/types\/post"}],"author":[{"embeddable":true,"href":"https:\/\/nvnoticias.mx\/index.php\/wp-json\/wp\/v2\/users\/7"}],"replies":[{"embeddable":true,"href":"https:\/\/nvnoticias.mx\/index.php\/wp-json\/wp\/v2\/comments?post=96955"}],"version-history":[{"count":1,"href":"https:\/\/nvnoticias.mx\/index.php\/wp-json\/wp\/v2\/posts\/96955\/revisions"}],"predecessor-version":[{"id":96956,"href":"https:\/\/nvnoticias.mx\/index.php\/wp-json\/wp\/v2\/posts\/96955\/revisions\/96956"}],"wp:featuredmedia":[{"embeddable":true,"href":"https:\/\/nvnoticias.mx\/index.php\/wp-json\/wp\/v2\/media\/15552"}],"wp:attachment":[{"href":"https:\/\/nvnoticias.mx\/index.php\/wp-json\/wp\/v2\/media?parent=96955"}],"wp:term":[{"taxonomy":"category","embeddable":true,"href":"https:\/\/nvnoticias.mx\/index.php\/wp-json\/wp\/v2\/categories?post=96955"},{"taxonomy":"post_tag","embeddable":true,"href":"https:\/\/nvnoticias.mx\/index.php\/wp-json\/wp\/v2\/tags?post=96955"}],"curies":[{"name":"wp","href":"https:\/\/api.w.org\/{rel}","templated":true}]}}