{"id":96873,"date":"2023-03-04T13:59:05","date_gmt":"2023-03-04T19:59:05","guid":{"rendered":"https:\/\/nvnoticias.mx\/?p=96873"},"modified":"2023-03-04T13:59:06","modified_gmt":"2023-03-04T19:59:06","slug":"veracruz-necesita-parques-industriales-especializados-para-atraer-inversiones","status":"publish","type":"post","link":"https:\/\/nvnoticias.mx\/index.php\/2023\/03\/04\/veracruz-necesita-parques-industriales-especializados-para-atraer-inversiones\/","title":{"rendered":"Veracruz necesita parques industriales especializados para atraer inversiones"},"content":{"rendered":"\n<p><strong>Jes\u00fas Utrilla | NV Noticias <\/strong><\/p>\n\n\n\n<p>Las empresas buscan donde crecer y optimizar su producci\u00f3n, por ello Veracruz debe generar complejos industriales para poder captar en el futuro empresas como Tesla, se\u00f1al\u00f3 Sergio Guti\u00e9rrez Luna, diputado federal de&nbsp;Morena.&nbsp;<\/p>\n\n\n\n<p>Puntualiz\u00f3 que se requiere atraer inversiones para crear cl\u00faster como el que est\u00e1 en Nuevo Le\u00f3n, de la industria automotriz. Y es que ah\u00ed deben instalarse tambi\u00e9n proveedores de autopartes y tecnolog\u00eda para que las compa\u00f1\u00edas puedan producir.&nbsp;<\/p>\n\n\n\n<blockquote class=\"wp-block-quote is-layout-flow wp-block-quote-is-layout-flow\"><p>\u201cEs lo que hizo atractivo para Tesla, se asent\u00f3 ah\u00ed porque hay un sistema, personas capacitadas y proveedores que pueden hacer viable el negocio. Eso necesitamos generar aqu\u00ed, porque son ventajas econ\u00f3micas como agua y gas y tenemos que crear ese ecosistema. La empresa se fue a un lugar donde tendr\u00e1 m\u00e1s utilidad y optimizar\u00e1 su producci\u00f3n\u201d.\u00a0<\/p><\/blockquote>\n\n\n\n<p>Insisti\u00f3 en que Veracruz debe comenzar a generar esos complejos, invitando a empresas y dando facilidades y dichos parques pueden crearse en el Corredor Interoce\u00e1nico del&nbsp;Istmo de Tehuantepec.&nbsp;<\/p>\n\n\n\n<p>Por otro&nbsp;lado&nbsp;se\u00f1al\u00f3 que desde la legislatura pasada impuls\u00f3 las tarifas el\u00e9ctricas m\u00e1s justas para Veracruz, pues \u00e9l es de Minatitl\u00e1n donde hace calor extremo. Solicit\u00f3 a la Comisi\u00f3n Nacional del Agua que actualizara la medici\u00f3n de la temperatura para poder cambiar el tabulador. Asever\u00f3 que seguir\u00e1 insistiendo ya que&nbsp;Veracruz&nbsp;deber\u00eda pagar menos por la energ\u00eda el\u00e9ctrica.&nbsp;<\/p>\n","protected":false},"excerpt":{"rendered":"<p>Jes\u00fas Utrilla | NV Noticias Las empresas buscan donde crecer y optimizar su producci\u00f3n, por ello Veracruz debe generar complejos industriales para poder captar en el futuro empresas como Tesla, se\u00f1al\u00f3 Sergio Guti\u00e9rrez Luna, diputado federal de&nbsp;Morena.&nbsp; Puntualiz\u00f3 que se requiere atraer inversiones para crear cl\u00faster como el que est\u00e1 en Nuevo Le\u00f3n, de la [&hellip;]<\/p>\n","protected":false},"author":35,"featured_media":96874,"comment_status":"open","ping_status":"open","sticky":false,"template":"","format":"standard","meta":{"_monsterinsights_skip_tracking":false,"_monsterinsights_sitenote_active":false,"_monsterinsights_sitenote_note":"","_monsterinsights_sitenote_category":0,"footnotes":""},"categories":[154],"tags":[23614,9825,14370],"class_list":["post-96873","post","type-post","status-publish","format-standard","has-post-thumbnail","hentry","category-veracruz","tag-especializados","tag-necesita","tag-parques-industriales","wp-image-borders"],"amp_enabled":true,"_links":{"self":[{"href":"https:\/\/nvnoticias.mx\/index.php\/wp-json\/wp\/v2\/posts\/96873","targetHints":{"allow":["GET"]}}],"collection":[{"href":"https:\/\/nvnoticias.mx\/index.php\/wp-json\/wp\/v2\/posts"}],"about":[{"href":"https:\/\/nvnoticias.mx\/index.php\/wp-json\/wp\/v2\/types\/post"}],"author":[{"embeddable":true,"href":"https:\/\/nvnoticias.mx\/index.php\/wp-json\/wp\/v2\/users\/35"}],"replies":[{"embeddable":true,"href":"https:\/\/nvnoticias.mx\/index.php\/wp-json\/wp\/v2\/comments?post=96873"}],"version-history":[{"count":1,"href":"https:\/\/nvnoticias.mx\/index.php\/wp-json\/wp\/v2\/posts\/96873\/revisions"}],"predecessor-version":[{"id":96875,"href":"https:\/\/nvnoticias.mx\/index.php\/wp-json\/wp\/v2\/posts\/96873\/revisions\/96875"}],"wp:featuredmedia":[{"embeddable":true,"href":"https:\/\/nvnoticias.mx\/index.php\/wp-json\/wp\/v2\/media\/96874"}],"wp:attachment":[{"href":"https:\/\/nvnoticias.mx\/index.php\/wp-json\/wp\/v2\/media?parent=96873"}],"wp:term":[{"taxonomy":"category","embeddable":true,"href":"https:\/\/nvnoticias.mx\/index.php\/wp-json\/wp\/v2\/categories?post=96873"},{"taxonomy":"post_tag","embeddable":true,"href":"https:\/\/nvnoticias.mx\/index.php\/wp-json\/wp\/v2\/tags?post=96873"}],"curies":[{"name":"wp","href":"https:\/\/api.w.org\/{rel}","templated":true}]}}