{"id":96846,"date":"2023-03-04T11:48:36","date_gmt":"2023-03-04T17:48:36","guid":{"rendered":"https:\/\/nvnoticias.mx\/?p=96846"},"modified":"2023-03-04T11:48:38","modified_gmt":"2023-03-04T17:48:38","slug":"este-sabado-torneo-municipal-infantil-interligas-de-futbol-7","status":"publish","type":"post","link":"https:\/\/nvnoticias.mx\/index.php\/2023\/03\/04\/este-sabado-torneo-municipal-infantil-interligas-de-futbol-7\/","title":{"rendered":"Este s\u00e1bado, Torneo Municipal Infantil Interligas de F\u00fatbol 7"},"content":{"rendered":"\n<p>Xalapa, Ver.- De acuerdo con el calendario de actividades programado por la Direcci\u00f3n de Cultura F\u00edsica en distintas disciplinas deportivas, este fin de semana se realizar\u00e1 la segunda jornada del Torneo Municipal Infantil Interligas Futbol 7, con siete encuentros entre las 14:00 y las 18:00 horas en la Unidad Deportiva \u201cEl Cafetal\u201d.<\/p>\n\n\n\n<p>El titular del \u00e1rea, Bertoldo Reyes Campuzano, inform\u00f3 que esta liga cuenta con 16 equipos en la categor\u00eda de los 10 a 12 a\u00f1os y que se trata de un campeonato semanal que pr\u00f3ximamente se llevar\u00e1 a sedes como la Unidad Deportiva \u201cEl Kiosko\u201d, \u201cEl Arenal\u201d \u201cColonia Zippor\u201d y \u201c21 de Marzo\u201d, con el fin de organizar al final del a\u00f1o un campeonato entre los primeros equipos de cada sede.<\/p>\n\n\n\n<p>En este torneo tambi\u00e9n se da participaci\u00f3n a los conjuntos que surgen en los Semilleros Deportivos, estrategia implementada con el prop\u00f3sito de brindar a ni\u00f1as y ni\u00f1os espacios para desarrollarse de mejor manera a trav\u00e9s de la activaci\u00f3n f\u00edsica.<\/p>\n\n\n\n<p>De acuerdo con el funcionario, actualmente se trabaja en distintos puntos de la ciudad como en las unidades deportivas \u201cEl Coyol\u201d, \u201cValle Cristal\u201d, \u201cEl Olmo\u201d, la \u201cAldea Meced\u201d, \u201cEl Vel\u00f3dromo\u201d y \u201cEl Adoqu\u00edn\u201d, con deportes como futbol, basquetbol, voleibol, esgrima y lucha ol\u00edmpica, este \u00faltimo con tres nuevos instructores municipales.<\/p>\n\n\n\n<p>Para m\u00e1s informaci\u00f3n sobre los Semilleros Deportivos, se pone a disposici\u00f3n de la ciudadan\u00eda la p\u00e1gina oficial de la Direcci\u00f3n de Cultura F\u00edsica en Facebook y las oficinas ubicadas en la calle Francisco M\u00e1rquez 19, colonia Revoluci\u00f3n, de 9:00 a 19:00 horas.<\/p>\n","protected":false},"excerpt":{"rendered":"<p>Xalapa, Ver.- De acuerdo con el calendario de actividades programado por la Direcci\u00f3n de Cultura F\u00edsica en distintas disciplinas deportivas, este fin de semana se realizar\u00e1 la segunda jornada del Torneo Municipal Infantil Interligas Futbol 7, con siete encuentros entre las 14:00 y las 18:00 horas en la Unidad Deportiva \u201cEl Cafetal\u201d. El titular del [&hellip;]<\/p>\n","protected":false},"author":35,"featured_media":96847,"comment_status":"open","ping_status":"open","sticky":false,"template":"","format":"standard","meta":{"_monsterinsights_skip_tracking":false,"_monsterinsights_sitenote_active":false,"_monsterinsights_sitenote_note":"","_monsterinsights_sitenote_category":0,"footnotes":""},"categories":[156],"tags":[23612,3333,23611],"class_list":["post-96846","post","type-post","status-publish","format-standard","has-post-thumbnail","hentry","category-estado","tag-futbol-7","tag-sabado","tag-torneo-municipal-infantil-interligas","wp-image-borders"],"amp_enabled":true,"_links":{"self":[{"href":"https:\/\/nvnoticias.mx\/index.php\/wp-json\/wp\/v2\/posts\/96846","targetHints":{"allow":["GET"]}}],"collection":[{"href":"https:\/\/nvnoticias.mx\/index.php\/wp-json\/wp\/v2\/posts"}],"about":[{"href":"https:\/\/nvnoticias.mx\/index.php\/wp-json\/wp\/v2\/types\/post"}],"author":[{"embeddable":true,"href":"https:\/\/nvnoticias.mx\/index.php\/wp-json\/wp\/v2\/users\/35"}],"replies":[{"embeddable":true,"href":"https:\/\/nvnoticias.mx\/index.php\/wp-json\/wp\/v2\/comments?post=96846"}],"version-history":[{"count":1,"href":"https:\/\/nvnoticias.mx\/index.php\/wp-json\/wp\/v2\/posts\/96846\/revisions"}],"predecessor-version":[{"id":96848,"href":"https:\/\/nvnoticias.mx\/index.php\/wp-json\/wp\/v2\/posts\/96846\/revisions\/96848"}],"wp:featuredmedia":[{"embeddable":true,"href":"https:\/\/nvnoticias.mx\/index.php\/wp-json\/wp\/v2\/media\/96847"}],"wp:attachment":[{"href":"https:\/\/nvnoticias.mx\/index.php\/wp-json\/wp\/v2\/media?parent=96846"}],"wp:term":[{"taxonomy":"category","embeddable":true,"href":"https:\/\/nvnoticias.mx\/index.php\/wp-json\/wp\/v2\/categories?post=96846"},{"taxonomy":"post_tag","embeddable":true,"href":"https:\/\/nvnoticias.mx\/index.php\/wp-json\/wp\/v2\/tags?post=96846"}],"curies":[{"name":"wp","href":"https:\/\/api.w.org\/{rel}","templated":true}]}}