{"id":96792,"date":"2023-03-04T09:31:07","date_gmt":"2023-03-04T15:31:07","guid":{"rendered":"https:\/\/nvnoticias.mx\/?p=96792"},"modified":"2023-03-04T09:31:09","modified_gmt":"2023-03-04T15:31:09","slug":"impugnara-carla-humphrey-ante-el-tepjf-exclusion-en-contienda-por-presidencia-del-ine","status":"publish","type":"post","link":"https:\/\/nvnoticias.mx\/index.php\/2023\/03\/04\/impugnara-carla-humphrey-ante-el-tepjf-exclusion-en-contienda-por-presidencia-del-ine\/","title":{"rendered":"Impugnar\u00e1 Carla Humphrey ante el TEPJF exclusi\u00f3n en contienda por presidencia del INE"},"content":{"rendered":"\n<p>Luego de que el Comit\u00e9 T\u00e9cnico de Evaluaci\u00f3n del Instituto Nacional Electoral (INE)\u00a0descart\u00f3 a la consejera electoral Carla Humphrey para contender para la presidencia del organismo, la aspirante inform\u00f3 que impugnar\u00e1 la decisi\u00f3n ante la Sala Superior del\u00a0<strong>Tribunal Electoral del Poder Judicial de la Federaci\u00f3n (TEPJF).<\/strong><\/p>\n\n\n\n<blockquote class=\"wp-block-quote is-layout-flow wp-block-quote-is-layout-flow\"><p>\u201cEn un Estado de Derecho, como es \u00e9ste, tenemos las v\u00edas jur\u00eddicas para defender nuestros derechos cuando sentimos que se est\u00e1n vulnerando nuestros derechos y en este sentido, acudir\u00e9 en primera instancia a la Sala Superior del TEPJF y analizar\u00e9 si hay alguna otra v\u00eda jur\u00eddica por la que pudiera garantizar, o al menos que no se vulneren, mis derechos para competir o contender\u201d, dijo en entrevista.<\/p><\/blockquote>\n\n\n\n<p>El Comit\u00e9 T\u00e9cnico de Evaluaci\u00f3n desech\u00f3 la candidatura de Humphrey por considerar que, al ya ser consejera electoral,&nbsp;<strong>podr\u00eda caer en una reelecci\u00f3n,<\/strong>&nbsp;lo cual es un criterio que no comparte la consejera.<\/p>\n\n\n\n<blockquote class=\"wp-block-quote is-layout-flow wp-block-quote-is-layout-flow\"><p>\u201cImpugnar\u00e9 esta determinaci\u00f3n, creo que a nadie debe sorprender en un Estado de Derecho que los poderes o una ciudadana o una funcionaria p\u00fablica siga los cauces jurisdiccionales para resolver cuando hay un asunto de un diferendo, una diferencia, de interpretaci\u00f3n de una norma\u201d, dijo.<\/p><\/blockquote>\n\n\n\n<p>Explic\u00f3 que, al ser la primera vez que se elegir\u00e1 al relevo del actual consejero presidente del INE,&nbsp;<strong>Lorenzo C\u00f3rdova<\/strong>, con un marco normativo pr\u00e1cticamente nuevo, que data del a\u00f1o 2014, vale la pena abrir la discusi\u00f3n para la interpretaci\u00f3n jur\u00eddica de la norma ante una situaci\u00f3n novedosa como \u00e9sta.<\/p>\n\n\n\n<blockquote class=\"wp-block-quote is-layout-flow wp-block-quote-is-layout-flow\"><p>\u201cEs la primera vez que se renueva la presidencia del INE, con estas nuevas reglas, establecidas desde 2014; es la primera vez, entonces, que se aplica este marco normativo y se abre este espacio para determinar si algunas de las consejer\u00edas que estamos ahora en funciones pod\u00edamos o no aspirar a este cargo en el entendido que aunque somos pares, ejercemos funciones y atribuciones distintas\u201d, explic\u00f3.<\/p><\/blockquote>\n\n\n\n<blockquote class=\"wp-block-quote is-layout-flow wp-block-quote-is-layout-flow\"><p>\u201cYa podr\u00eda haber anticipado alguna circunstancia de este estilo, pero me parece que de todas formas tenemos las v\u00edas jur\u00eddicas para resolverlo y es lo que har\u00e9, acudir\u00e9 a la instancia jurisdiccional y ser\u00e9 respetuosa de lo que se decida en esta instancia\u201d, afirm\u00f3 Humphrey Jordan.<\/p><\/blockquote>\n\n\n\n<p>Ante la determinaci\u00f3n del Comit\u00e9, la consejera dijo que&nbsp;<strong>\u201ces una decisi\u00f3n que respeto, de las y los integrantes de ese comit\u00e9, pero que claramente no comparto,<\/strong>&nbsp;porque este an\u00e1lisis ya lo hice desde antes de presentar mi registro para esta convocatoria\u201d.<\/p>\n\n\n\n<p>Argument\u00f3 que \u201cestamos hablando de \u00f3rganos distintos y no lo digo yo, lo dice la&nbsp;<strong>Ley General de Instituciones y Procedimientos Electorales<\/strong>, que establece que el INE tiene dos \u00f3rganos centrales, la presidencia por un lado y el Consejo General por otro; yo, como consejera electoral formo parte del Consejo general, pero no de la presidencia\u201d.<\/p>\n\n\n\n<p>Expuso que los precedentes que cit\u00f3 el Comit\u00e9 T\u00e9cnico de Evaluaci\u00f3n para descartarla de la contienda&nbsp;<strong>\u201cno se pueden aplicar a mi caso<\/strong>, porque estaban resolviendo casos de consejeras y consejeros de Organismos P\u00fablicos Locales Electorales, que claramente no son el INE\u201d.<\/p>\n\n\n\n<p>La consejera asegur\u00f3 que conf\u00eda en todas las autoridades del Estado mexicano, incluido el Poder Judicial.<\/p>\n\n\n\n<p>Fuente: <a href=\"https:\/\/www.milenio.com\/politica\/carla-humphrey-impugnara-ante-tepjf-exclusion-por-presidencia-de-ine\" data-type=\"URL\" data-id=\"https:\/\/www.milenio.com\/politica\/carla-humphrey-impugnara-ante-tepjf-exclusion-por-presidencia-de-ine\">Milenio<\/a> <\/p>\n","protected":false},"excerpt":{"rendered":"<p>Luego de que el Comit\u00e9 T\u00e9cnico de Evaluaci\u00f3n del Instituto Nacional Electoral (INE)\u00a0descart\u00f3 a la consejera electoral Carla Humphrey para contender para la presidencia del organismo, la aspirante inform\u00f3 que impugnar\u00e1 la decisi\u00f3n ante la Sala Superior del\u00a0Tribunal Electoral del Poder Judicial de la Federaci\u00f3n (TEPJF). \u201cEn un Estado de Derecho, como es \u00e9ste, tenemos [&hellip;]<\/p>\n","protected":false},"author":35,"featured_media":96796,"comment_status":"open","ping_status":"open","sticky":false,"template":"","format":"standard","meta":{"_monsterinsights_skip_tracking":false,"_monsterinsights_sitenote_active":false,"_monsterinsights_sitenote_note":"","_monsterinsights_sitenote_category":0,"footnotes":""},"categories":[158],"tags":[23444,15235,11042,4432,443,162,1058,1791],"class_list":["post-96792","post","type-post","status-publish","format-standard","has-post-thumbnail","hentry","category-politica","tag-carla-humphrey","tag-contienda","tag-exclusion","tag-impugnara","tag-ine","tag-portada","tag-presidencia","tag-tepjf","wp-image-borders"],"amp_enabled":true,"_links":{"self":[{"href":"https:\/\/nvnoticias.mx\/index.php\/wp-json\/wp\/v2\/posts\/96792","targetHints":{"allow":["GET"]}}],"collection":[{"href":"https:\/\/nvnoticias.mx\/index.php\/wp-json\/wp\/v2\/posts"}],"about":[{"href":"https:\/\/nvnoticias.mx\/index.php\/wp-json\/wp\/v2\/types\/post"}],"author":[{"embeddable":true,"href":"https:\/\/nvnoticias.mx\/index.php\/wp-json\/wp\/v2\/users\/35"}],"replies":[{"embeddable":true,"href":"https:\/\/nvnoticias.mx\/index.php\/wp-json\/wp\/v2\/comments?post=96792"}],"version-history":[{"count":3,"href":"https:\/\/nvnoticias.mx\/index.php\/wp-json\/wp\/v2\/posts\/96792\/revisions"}],"predecessor-version":[{"id":96798,"href":"https:\/\/nvnoticias.mx\/index.php\/wp-json\/wp\/v2\/posts\/96792\/revisions\/96798"}],"wp:featuredmedia":[{"embeddable":true,"href":"https:\/\/nvnoticias.mx\/index.php\/wp-json\/wp\/v2\/media\/96796"}],"wp:attachment":[{"href":"https:\/\/nvnoticias.mx\/index.php\/wp-json\/wp\/v2\/media?parent=96792"}],"wp:term":[{"taxonomy":"category","embeddable":true,"href":"https:\/\/nvnoticias.mx\/index.php\/wp-json\/wp\/v2\/categories?post=96792"},{"taxonomy":"post_tag","embeddable":true,"href":"https:\/\/nvnoticias.mx\/index.php\/wp-json\/wp\/v2\/tags?post=96792"}],"curies":[{"name":"wp","href":"https:\/\/api.w.org\/{rel}","templated":true}]}}