{"id":96613,"date":"2023-03-02T19:26:03","date_gmt":"2023-03-03T01:26:03","guid":{"rendered":"https:\/\/nvnoticias.mx\/?p=96613"},"modified":"2023-03-02T19:26:04","modified_gmt":"2023-03-03T01:26:04","slug":"murio-a-los-89-anos-wayne-shorter-pionero-y-leyenda-del-saxofon-de-jazz","status":"publish","type":"post","link":"https:\/\/nvnoticias.mx\/index.php\/2023\/03\/02\/murio-a-los-89-anos-wayne-shorter-pionero-y-leyenda-del-saxofon-de-jazz\/","title":{"rendered":"Muri\u00f3 a los 89 a\u00f1os, Wayne Shorter, pionero y leyenda del saxof\u00f3n de jazz"},"content":{"rendered":"\n<p>El saxofonista Wayne Shorter, considerado uno de los mejores compositores de jazz de Estados Unidos de todos los tiempos, falleci\u00f3 a los 89 a\u00f1os, dejando atr\u00e1s una carrera fruct\u00edfera e innovadora plagada de \u00e9xitos.<\/p>\n\n\n\n<p>Su agente Alisse Kingsley confirm\u00f3 a la AFP su muerte en un hospital de Los \u00c1ngeles, pero no precis\u00f3 las causas.<\/p>\n\n\n\n<p>El enigm\u00e1tico compositor, una de las mayores leyendas del jazz de todos los tiempos, toc\u00f3 con m\u00fasicos de la talla de Miles Davis y fue l\u00edder de bandas prestigiosas como Weather Report.<\/p>\n\n\n\n<p>Fue uno de los \u00faltimos grandes del jazz que se curti\u00f3 en el apogeo del g\u00e9nero en la d\u00e9cada de 1950, cuando este sonido se apoder\u00f3 de las salas de baile y ganaba terreno en los c\u00edrculos intelectuales.<\/p>\n\n\n\n<p>Nacido el 25 de agosto de 1933 en Newark (Nueva Jersey), Shorter empez\u00f3 a tocar el clarinete de adolescente. Pero poco despu\u00e9s lo cambi\u00f3 por el saxof\u00f3n.<\/p>\n\n\n\n<p>Con su hermano tocaban bebop, haci\u00e9ndose llamar &#8220;Mr Weird&#8221; y &#8220;Doc Strange&#8221; por sus extravagancias, como llevar gafas de sol oscuras en clubes escasamente iluminados.<\/p>\n\n\n\n<blockquote class=\"wp-block-quote is-layout-flow wp-block-quote-is-layout-flow\"><p>&#8220;<em>Llev\u00e1bamos la ropa arrugada, porque pens\u00e1bamos que se tocaba mejor el bebop con ropa arrugada<\/em>&#8220;, dijo Shorter a The Atlantic en 2004.<\/p><p><\/p><\/blockquote>\n\n\n\n<p>Estudi\u00f3 en la Universidad de Nueva York, donde se licenci\u00f3 en educaci\u00f3n musical en 1956, y pas\u00f3 dos a\u00f1os en el ej\u00e9rcito, donde toc\u00f3 con el pianista de jazz Horace Silver.<\/p>\n\n\n\n<blockquote class=\"wp-block-quote is-layout-flow wp-block-quote-is-layout-flow\"><p>&#8220;<em>La gente empieza a tocar instrumentos a los cinco a\u00f1os, por lo que, pensaba que ten\u00eda que ponerme r\u00e1pidamente al d\u00eda<\/em>&#8220;, dijo a The Washington Post antes de recibir en 2018 el prestigioso premio Kennedy Center, que celebra lo mejor de las artes estadounidenses.<\/p><\/blockquote>\n\n\n\n<p><strong>&#8220;Compositor aut\u00e9ntico&#8221;\u00a0<\/strong><\/p>\n\n\n\n<p>En 19 de Art Blakey -fue su director musical 64, Shorter dej\u00f3 a los Jazz Messengerscon el que alcanz\u00f3 fama internacional-, para unirse al trompetista Davis.<\/p>\n\n\n\n<p>El Segundo Gran Quinteto de Davis inclu\u00eda al teclista Herbie Hancock, que se convirti\u00f3 en uno de sus mejores amigos y colaborador habitual.<\/p>\n\n\n\n<p>Davis describi\u00f3 a menudo la \u00e9tica del grupo: &#8220;tiempo, sin cambios&#8221;, es decir, permitir el jazz libre sin desechar por completo los l\u00edmites.<\/p>\n\n\n\n<p>La colaboraci\u00f3n se tradujo en algunos de los temas de jazz m\u00e1s conocidos del siglo XX, como &#8220;E.S.P.&#8221;, &#8220;Nefertiti&#8221; y &#8220;Footprints&#8221;.<\/p>\n\n\n\n<blockquote class=\"wp-block-quote is-layout-flow wp-block-quote-is-layout-flow\"><p>&#8220;<em>Wayne es un compositor aut\u00e9ntico&#8221; que trabajaba con las reglas musicales, dijo Davis en su biograf\u00eda. Pero &#8220;si no funcionaban, las romp\u00eda, aunque con sentido musical; entend\u00eda que la libertad en la m\u00fasica era la capacidad de conocer las reglas para doblegarlas para tu propia satisfacci\u00f3n y gusto<\/em>&#8220;, dijo.<\/p><\/blockquote>\n\n\n\n<p>Fuente: <a href=\"https:\/\/www.milenio.com\/espectaculos\/musica\/murio-wayne-shorter-pioneros-saxofon-jazz\">Milenio<\/a><\/p>\n","protected":false},"excerpt":{"rendered":"<p>El saxofonista Wayne Shorter, considerado uno de los mejores compositores de jazz de Estados Unidos de todos los tiempos, falleci\u00f3 a los 89 a\u00f1os, dejando atr\u00e1s una carrera fruct\u00edfera e innovadora plagada de \u00e9xitos. Su agente Alisse Kingsley confirm\u00f3 a la AFP su muerte en un hospital de Los \u00c1ngeles, pero no precis\u00f3 las causas. [&hellip;]<\/p>\n","protected":false},"author":8,"featured_media":96614,"comment_status":"open","ping_status":"open","sticky":false,"template":"","format":"standard","meta":{"_monsterinsights_skip_tracking":false,"_monsterinsights_sitenote_active":false,"_monsterinsights_sitenote_note":"","_monsterinsights_sitenote_category":0,"footnotes":""},"categories":[576],"tags":[23573,23572],"class_list":["post-96613","post","type-post","status-publish","format-standard","has-post-thumbnail","hentry","category-ocio","tag-jazz","tag-wayne-shorter","wp-image-borders"],"amp_enabled":true,"_links":{"self":[{"href":"https:\/\/nvnoticias.mx\/index.php\/wp-json\/wp\/v2\/posts\/96613","targetHints":{"allow":["GET"]}}],"collection":[{"href":"https:\/\/nvnoticias.mx\/index.php\/wp-json\/wp\/v2\/posts"}],"about":[{"href":"https:\/\/nvnoticias.mx\/index.php\/wp-json\/wp\/v2\/types\/post"}],"author":[{"embeddable":true,"href":"https:\/\/nvnoticias.mx\/index.php\/wp-json\/wp\/v2\/users\/8"}],"replies":[{"embeddable":true,"href":"https:\/\/nvnoticias.mx\/index.php\/wp-json\/wp\/v2\/comments?post=96613"}],"version-history":[{"count":1,"href":"https:\/\/nvnoticias.mx\/index.php\/wp-json\/wp\/v2\/posts\/96613\/revisions"}],"predecessor-version":[{"id":96615,"href":"https:\/\/nvnoticias.mx\/index.php\/wp-json\/wp\/v2\/posts\/96613\/revisions\/96615"}],"wp:featuredmedia":[{"embeddable":true,"href":"https:\/\/nvnoticias.mx\/index.php\/wp-json\/wp\/v2\/media\/96614"}],"wp:attachment":[{"href":"https:\/\/nvnoticias.mx\/index.php\/wp-json\/wp\/v2\/media?parent=96613"}],"wp:term":[{"taxonomy":"category","embeddable":true,"href":"https:\/\/nvnoticias.mx\/index.php\/wp-json\/wp\/v2\/categories?post=96613"},{"taxonomy":"post_tag","embeddable":true,"href":"https:\/\/nvnoticias.mx\/index.php\/wp-json\/wp\/v2\/tags?post=96613"}],"curies":[{"name":"wp","href":"https:\/\/api.w.org\/{rel}","templated":true}]}}