{"id":96578,"date":"2023-03-02T14:38:35","date_gmt":"2023-03-02T20:38:35","guid":{"rendered":"https:\/\/nvnoticias.mx\/?p=96578"},"modified":"2023-03-02T14:38:36","modified_gmt":"2023-03-02T20:38:36","slug":"humanismo","status":"publish","type":"post","link":"https:\/\/nvnoticias.mx\/index.php\/2023\/03\/02\/humanismo\/","title":{"rendered":"Humanismo"},"content":{"rendered":"\n<p><strong>Juan Jos\u00e9 Rodr\u00edguez Prats<\/strong><\/p>\n\n\n\n<blockquote class=\"wp-block-quote is-layout-flow wp-block-quote-is-layout-flow\"><p><em>La democracia es la consecuencia organizativa de la dignidad del hombre.<\/em><\/p><cite><strong>Peter Haberle<\/strong><\/cite><\/blockquote>\n\n\n\n<p>En el repaso de lo que hemos sido, como seres humanos y espec\u00edficamente como naci\u00f3n mexicana, siempre ha habido una defensa de la persona, de su autoestima, de su libre albedr\u00edo, de su libertad. \u00c9sos son los principios que constituyen el n\u00facleo de lo que en la Ilustraci\u00f3n se empez\u00f3 a denominar humanismo.<\/p>\n\n\n\n<p>El t\u00e9rmino viene del lat\u00edn, remite a lo \u201crelativo al hombre\u201d. Hay pensadores que tambi\u00e9n lo relacionan con&nbsp;<em>humus<\/em>&nbsp;(tierra). Su origen se ubica en Alemania, aunque desde la Edad Media ya se hablaba de humanizar y de lo inhumano como algo que atenta contra la integridad y atropella al pr\u00f3jimo.<\/p>\n\n\n\n<p>Giovanni Pico della Mirandola (1463-1494), ejemplo de rebeld\u00eda y hero\u00edsmo, escribi\u00f3 en 1496 la&nbsp;<em>Oratio de hominis dignitate<\/em>, se\u00f1alado como el \u201cManifiesto del Renacimiento\u201d. Su idea central, seg\u00fan varios pensadores, es que \u201cla dignidad del hombre reside en su libertad para convertirse cada vez m\u00e1s en lo que es capaz de ser\u201d, ya que la habilidad m\u00e1s importante del hombre es \u201ceste poder de transformarse a s\u00ed mismo de acuerdo con su funci\u00f3n creativa, deseos y aspiraciones\u201d.<\/p>\n\n\n\n<p>Hay muchos humanismos sustentados por diversos fil\u00f3sofos. Jean Paul Sartre escribe un breve y espl\u00e9ndido texto sobre el existencialismo humanista; Jacques Maritain sostiene el humanismo cristiano; Herbert Marcuse nos habla del hombre unidimensional; Erich Fromm encuentra en Carlos Marx elementos humanistas. La lista es interminable, hay humanistas liberales y tambi\u00e9n quienes sostienen un humanismo ateo.<\/p>\n\n\n\n<p>Despu\u00e9s de este arbitrario y audaz repaso, me atrevo a focalizar una idea central: calidad humana sustentada en virtudes y \u00e9sa es la esencia en la pol\u00edtica. En otras palabras, el modelo de mejor pol\u00edtico es el humanista, partiendo de una cualidad: la autenticidad, sobre todo consigo mismo para nunca dejar de ser profundamente autocr\u00edtico. Nietzsche hac\u00eda una pregunta clave: \u201c\u00bfSe quiere estar contento consigo mismo o exigirse implacablemente a s\u00ed mismo? Es evidente, el humanista se esmera fervorosamente por ser mejor en el cumplimiento de sus deberes. He ah\u00ed el elemento: condici\u00f3n humana. Esa voz de la conciencia que obliga y compromete. Para conformarla, se requiere preparaci\u00f3n. Cada vez me entusiasman m\u00e1s los libros de Irene Vallejo. Dos ideas suyas: \u201cGracias a la lectura, hemos desarrollado una anomal\u00eda llamada ojos interiores\u201d. La segunda: \u201c\u2026en un mundo narcisista y eg\u00f3latra, lo mejor que le puede pasar a uno es ser todos\u201d.<\/p>\n\n\n\n<p>En la antigua Grecia, la pol\u00edtica era sin\u00f3nimo de fraternidad. Sin embargo, al paso del tiempo, la lucha por el poder se fue tornando cada vez m\u00e1s re\u00f1ida. Me parece que fue en Roma donde encontramos los primeros ensayos de partidos pol\u00edticos. Sucedi\u00f3 a principios del siglo I a.C., ante la pugna entre Mario (que encabezaba a los populares que pretend\u00edan la descentralizaci\u00f3n del poder) y Sila (al frente de los optimates, grupo integrado por los senadores). Al final vino un deterioro de la rep\u00fablica hasta la ejecuci\u00f3n de Julio C\u00e9sar y el posterior imperio encabezado por Augusto.<\/p>\n\n\n\n<p>Hoy el mundo necesita gobernantes humanistas. Ejemplos los hay, no me alcanzar\u00eda el espacio para enunciarlos, en todo el mundo y en todas las \u00e9pocas. Dos virtudes son las m\u00e1s visibles: honestidad y capacidad de reconciliaci\u00f3n. No se puede ser humanista y dividir a un pueblo o rodearse de un equipo faccioso. Acertadamente lo expresa el papa Francisco: \u201cEl todo es superior a las partes y la unidad es superior al conflicto\u201d. Las biograf\u00edas de los grandes hombres siempre focalizaron el trato que le daban a su pr\u00f3jimo: la amabilidad, la confianza, la esperanza, la empat\u00eda ante el dolor ajeno, el involucramiento en causas sociales.<\/p>\n\n\n\n<p>El pueblo de M\u00e9xico pronto habr\u00e1 de tomar decisiones sumamente trascendentes. Respetuosamente sugiero focalizar el an\u00e1lisis en la calidad humana de las opciones. En todos los partidos hay mujeres y hombres malos y buenos. Ojal\u00e1 y atinemos.<\/p>\n\n\n\n<p><\/p>\n","protected":false},"excerpt":{"rendered":"<p>Juan Jos\u00e9 Rodr\u00edguez Prats La democracia es la consecuencia organizativa de la dignidad del hombre. Peter Haberle En el repaso de lo que hemos sido, como seres humanos y espec\u00edficamente como naci\u00f3n mexicana, siempre ha habido una defensa de la persona, de su autoestima, de su libre albedr\u00edo, de su libertad. \u00c9sos son los principios [&hellip;]<\/p>\n","protected":false},"author":17,"featured_media":96579,"comment_status":"open","ping_status":"open","sticky":false,"template":"","format":"standard","meta":{"_monsterinsights_skip_tracking":false,"_monsterinsights_sitenote_active":false,"_monsterinsights_sitenote_note":"","_monsterinsights_sitenote_category":0,"footnotes":""},"categories":[614],"tags":[397],"class_list":["post-96578","post","type-post","status-publish","format-standard","has-post-thumbnail","hentry","category-politica-de-principios","tag-juan-jose-rodriguez-prats-2","wp-image-borders"],"amp_enabled":true,"_links":{"self":[{"href":"https:\/\/nvnoticias.mx\/index.php\/wp-json\/wp\/v2\/posts\/96578","targetHints":{"allow":["GET"]}}],"collection":[{"href":"https:\/\/nvnoticias.mx\/index.php\/wp-json\/wp\/v2\/posts"}],"about":[{"href":"https:\/\/nvnoticias.mx\/index.php\/wp-json\/wp\/v2\/types\/post"}],"author":[{"embeddable":true,"href":"https:\/\/nvnoticias.mx\/index.php\/wp-json\/wp\/v2\/users\/17"}],"replies":[{"embeddable":true,"href":"https:\/\/nvnoticias.mx\/index.php\/wp-json\/wp\/v2\/comments?post=96578"}],"version-history":[{"count":1,"href":"https:\/\/nvnoticias.mx\/index.php\/wp-json\/wp\/v2\/posts\/96578\/revisions"}],"predecessor-version":[{"id":96580,"href":"https:\/\/nvnoticias.mx\/index.php\/wp-json\/wp\/v2\/posts\/96578\/revisions\/96580"}],"wp:featuredmedia":[{"embeddable":true,"href":"https:\/\/nvnoticias.mx\/index.php\/wp-json\/wp\/v2\/media\/96579"}],"wp:attachment":[{"href":"https:\/\/nvnoticias.mx\/index.php\/wp-json\/wp\/v2\/media?parent=96578"}],"wp:term":[{"taxonomy":"category","embeddable":true,"href":"https:\/\/nvnoticias.mx\/index.php\/wp-json\/wp\/v2\/categories?post=96578"},{"taxonomy":"post_tag","embeddable":true,"href":"https:\/\/nvnoticias.mx\/index.php\/wp-json\/wp\/v2\/tags?post=96578"}],"curies":[{"name":"wp","href":"https:\/\/api.w.org\/{rel}","templated":true}]}}