{"id":96534,"date":"2023-03-02T12:58:03","date_gmt":"2023-03-02T18:58:03","guid":{"rendered":"https:\/\/nvnoticias.mx\/?p=96534"},"modified":"2023-03-02T12:58:03","modified_gmt":"2023-03-02T18:58:03","slug":"aumentara-costo-de-tacos-en-xalapa","status":"publish","type":"post","link":"https:\/\/nvnoticias.mx\/index.php\/2023\/03\/02\/aumentara-costo-de-tacos-en-xalapa\/","title":{"rendered":"Aumentar\u00e1 costo de tacos en Xalapa"},"content":{"rendered":"\n<p><strong>Sam Ojeda\u00a0\/ NV Noticias<\/strong><\/p>\n\n\n\n<p>Xalapa.- El costo de los tacos en negocios de la capital veracruzana tendr\u00e1n un incremento de 10 por ciento a partir de mediados de a\u00f1o, se\u00f1al\u00f3 el presidente del Consejo Gastron\u00f3mico Veracruzano, Sergio Santos Monjil.<\/p>\n\n\n\n<p>Explic\u00f3 que durante el a\u00f1o pasado y lo que va de este las taquer\u00edas han mantenido los precios a pesar de que los costos de los productos que usan han ido en incremento.&nbsp;<\/p>\n\n\n\n<p>Indic\u00f3 que aunque se requerir\u00eda de un mayor incremento ser\u00eda imposible de aplicar porque inhibir\u00eda la visita de comensales a las taquer\u00edas y generar\u00eda un mayor da\u00f1o a los comercios.&nbsp;<\/p>\n\n\n\n<blockquote class=\"wp-block-quote is-layout-flow wp-block-quote-is-layout-flow\"><p>\u201c<em>El incremento se dar\u00e1 a mitad de a\u00f1o y ser\u00e1 de un 10 por ciento. Nosotros mermar\u00edamos a las empresas si subimos mucho nuestros precios porque dejar\u00edan de ir los comensales, por eso hablamos de un 10 por ciento<\/em>\u201d, alert\u00f3.\u00a0<\/p><\/blockquote>\n\n\n\n<p>Y es que Sergio Santos afirm\u00f3 que los 24 productos que integran la canasta b\u00e1sica han tenido un incremento de hasta 30 por ciento, por lo que no es posible seguir manteniendo los mismos costos.&nbsp;<\/p>\n\n\n\n<p>Cabe destacar que actualmente en Xalapa la orden de tacos tiene un costo de entre 35 a 50 pesos, dependiendo si se trata de tacos al pastor, de otro tipo de carne o si son tacos al vapor.&nbsp;<\/p>\n\n\n\n<p>Adem\u00e1s, anunci\u00f3 que este 31 de marzo y 1 de abril se realizar\u00e1n actividades con motivo del D\u00eda del Taco, en el que habr\u00e1 stands de venta de este alimento con diferentes taquer\u00edas en la plaza Gastron\u00f3mica San Jos\u00e9.&nbsp;<\/p>\n\n\n\n<p>Dijo que esperan la participaci\u00f3n de 5 mil personas y una derrama econ\u00f3mico de medio mill\u00f3n de pesos.<\/p>\n","protected":false},"excerpt":{"rendered":"<p>Sam Ojeda\u00a0\/ NV Noticias Xalapa.- El costo de los tacos en negocios de la capital veracruzana tendr\u00e1n un incremento de 10 por ciento a partir de mediados de a\u00f1o, se\u00f1al\u00f3 el presidente del Consejo Gastron\u00f3mico Veracruzano, Sergio Santos Monjil. Explic\u00f3 que durante el a\u00f1o pasado y lo que va de este las taquer\u00edas han mantenido [&hellip;]<\/p>\n","protected":false},"author":8,"featured_media":96535,"comment_status":"open","ping_status":"open","sticky":false,"template":"","format":"standard","meta":{"_monsterinsights_skip_tracking":false,"_monsterinsights_sitenote_active":false,"_monsterinsights_sitenote_note":"","_monsterinsights_sitenote_category":0,"footnotes":""},"categories":[156],"tags":[2808,6562,312],"class_list":["post-96534","post","type-post","status-publish","format-standard","has-post-thumbnail","hentry","category-estado","tag-precio","tag-tacos","tag-xalapa","wp-image-borders"],"amp_enabled":true,"_links":{"self":[{"href":"https:\/\/nvnoticias.mx\/index.php\/wp-json\/wp\/v2\/posts\/96534","targetHints":{"allow":["GET"]}}],"collection":[{"href":"https:\/\/nvnoticias.mx\/index.php\/wp-json\/wp\/v2\/posts"}],"about":[{"href":"https:\/\/nvnoticias.mx\/index.php\/wp-json\/wp\/v2\/types\/post"}],"author":[{"embeddable":true,"href":"https:\/\/nvnoticias.mx\/index.php\/wp-json\/wp\/v2\/users\/8"}],"replies":[{"embeddable":true,"href":"https:\/\/nvnoticias.mx\/index.php\/wp-json\/wp\/v2\/comments?post=96534"}],"version-history":[{"count":1,"href":"https:\/\/nvnoticias.mx\/index.php\/wp-json\/wp\/v2\/posts\/96534\/revisions"}],"predecessor-version":[{"id":96536,"href":"https:\/\/nvnoticias.mx\/index.php\/wp-json\/wp\/v2\/posts\/96534\/revisions\/96536"}],"wp:featuredmedia":[{"embeddable":true,"href":"https:\/\/nvnoticias.mx\/index.php\/wp-json\/wp\/v2\/media\/96535"}],"wp:attachment":[{"href":"https:\/\/nvnoticias.mx\/index.php\/wp-json\/wp\/v2\/media?parent=96534"}],"wp:term":[{"taxonomy":"category","embeddable":true,"href":"https:\/\/nvnoticias.mx\/index.php\/wp-json\/wp\/v2\/categories?post=96534"},{"taxonomy":"post_tag","embeddable":true,"href":"https:\/\/nvnoticias.mx\/index.php\/wp-json\/wp\/v2\/tags?post=96534"}],"curies":[{"name":"wp","href":"https:\/\/api.w.org\/{rel}","templated":true}]}}