{"id":96528,"date":"2023-03-02T12:51:00","date_gmt":"2023-03-02T18:51:00","guid":{"rendered":"https:\/\/nvnoticias.mx\/?p=96528"},"modified":"2023-03-02T12:51:00","modified_gmt":"2023-03-02T18:51:00","slug":"este-3-de-marzo-se-llevara-a-cabo-la-conmemoracion-del-191-aniversario-de-la-batalla-de-tolome","status":"publish","type":"post","link":"https:\/\/nvnoticias.mx\/index.php\/2023\/03\/02\/este-3-de-marzo-se-llevara-a-cabo-la-conmemoracion-del-191-aniversario-de-la-batalla-de-tolome\/","title":{"rendered":"Este 3 de marzo se llevar\u00e1 a cabo la conmemoraci\u00f3n del 191 aniversario de la Batalla de Tolome"},"content":{"rendered":"\n<p><strong>Jes\u00fas Utrilla \/ NV Noticias<\/strong><\/p>\n\n\n\n<p>Este 3 de marzo se llevar\u00e1 a cabo la conmemoraci\u00f3n del 191 aniversario de la Batalla de Tolome, que sucedi\u00f3 el 3 de marzo de 1832.<\/p>\n\n\n\n<p>Mario Jes\u00fas Gaspar Cobarrubias, explorador y gu\u00eda de recorridos hist\u00f3ricos, dijo que son actividades que buscan que la gente conozca la historia y sea concierte de los valores que la acompa\u00f1an.<\/p>\n\n\n\n<p>Es decir, son actividades apartidistas que desde 2020 buscan recuperarse como una acci\u00f3n ciudadana.<\/p>\n\n\n\n<p>Se\u00f1al\u00f3 que a 191 a\u00f1os de la batalla se recuerda el suceso desde Lomas de Tolome, afuera del poblado. Fue parte de una guerra civil en diferentes partes del pa\u00eds pero la que deton\u00f3 realmente fue la de Veracruz.<\/p>\n\n\n\n<blockquote class=\"wp-block-quote is-layout-flow wp-block-quote-is-layout-flow\"><p>\u201c<em>Fue parte de una guerra civil que azot\u00f3 M\u00e9xico en 1832 debido a que L\u00f3pez de Santa Ana\u00a0\u00a0apoy\u00f3 un rebeli\u00f3n de la guarnici\u00f3n de San Juan de Ulua que estaba en contra del gobierno dictatorial, cuando se pensaba instaurar una Rep\u00fablica centralista<\/em>\u201d.\u00a0<\/p><\/blockquote>\n\n\n\n<p>Dolores Eugenia Roa Romero, miembro del Grupo Tolome Unido, se\u00f1al\u00f3 que comenzar\u00e1 con una conferencia en la Telesecundaria Abel S. Rodr\u00edguez. Al t\u00e9rmino se congregar\u00e1n en la glorieta El Para\u00edso y de ah\u00ed partir\u00e1 el desfile c\u00edvico con escoltas y bandas de las escuelas de la comunidad, hasta el monumento a los ca\u00eddos.<\/p>\n\n\n\n<blockquote class=\"wp-block-quote is-layout-flow wp-block-quote-is-layout-flow\"><p>\u201c<em>Ah\u00ed llevaremos a cabo el acto c\u00edvico en honor a los ca\u00eddos de esa batalla. La invitaci\u00f3n es abierta y est\u00e1n invitados los medios locales del Puerto de Veracruz<\/em>\u201d.\u00a0\u00a0<\/p><\/blockquote>\n\n\n\n<p>El 2 de enero de 1832 un grupo de militares encabezados por el general Ciriaco V\u00e1zquez y el Coronel Pedro Landero, proclamaron el Plan de Veracruz en la fortaleza de San Juan de Ul\u00faa.<\/p>\n\n\n\n<p>En dicho documento, exig\u00eda al vicepresidente Anastasio Bustamante apoyar la Constituci\u00f3n Federal de los Estados Unidos Mexicanos promulgada en 1824, tal y como lo indicaba el Plan de Jalapa en 1829. <\/p>\n\n\n\n<p>Adem\u00e1s de la destituci\u00f3n de los ministros Lucas Alam\u00e1n, Jos\u00e9 Facio, Jos\u00e9 Ignacio Espinosa y Rafael Manguin, acusados de implementar un r\u00e9gimen centralista y \u201ctolerador de los atentados cometidos contra la libertad&#8221;. <\/p>\n\n\n\n<p>El general Antonio L\u00f3pez de Santa Anna acept\u00f3 ser portavoz de los sublevados, pues era el instigador oculto del plan.\u00a0<\/p>\n","protected":false},"excerpt":{"rendered":"<p>Jes\u00fas Utrilla \/ NV Noticias Este 3 de marzo se llevar\u00e1 a cabo la conmemoraci\u00f3n del 191 aniversario de la Batalla de Tolome, que sucedi\u00f3 el 3 de marzo de 1832. Mario Jes\u00fas Gaspar Cobarrubias, explorador y gu\u00eda de recorridos hist\u00f3ricos, dijo que son actividades que buscan que la gente conozca la historia y sea [&hellip;]<\/p>\n","protected":false},"author":8,"featured_media":96529,"comment_status":"open","ping_status":"open","sticky":false,"template":"","format":"standard","meta":{"_monsterinsights_skip_tracking":false,"_monsterinsights_sitenote_active":false,"_monsterinsights_sitenote_note":"","_monsterinsights_sitenote_category":0,"footnotes":""},"categories":[154],"tags":[3044,23557],"class_list":["post-96528","post","type-post","status-publish","format-standard","has-post-thumbnail","hentry","category-veracruz","tag-aniversario","tag-batalla-de-tolome","wp-image-borders"],"amp_enabled":true,"_links":{"self":[{"href":"https:\/\/nvnoticias.mx\/index.php\/wp-json\/wp\/v2\/posts\/96528","targetHints":{"allow":["GET"]}}],"collection":[{"href":"https:\/\/nvnoticias.mx\/index.php\/wp-json\/wp\/v2\/posts"}],"about":[{"href":"https:\/\/nvnoticias.mx\/index.php\/wp-json\/wp\/v2\/types\/post"}],"author":[{"embeddable":true,"href":"https:\/\/nvnoticias.mx\/index.php\/wp-json\/wp\/v2\/users\/8"}],"replies":[{"embeddable":true,"href":"https:\/\/nvnoticias.mx\/index.php\/wp-json\/wp\/v2\/comments?post=96528"}],"version-history":[{"count":1,"href":"https:\/\/nvnoticias.mx\/index.php\/wp-json\/wp\/v2\/posts\/96528\/revisions"}],"predecessor-version":[{"id":96530,"href":"https:\/\/nvnoticias.mx\/index.php\/wp-json\/wp\/v2\/posts\/96528\/revisions\/96530"}],"wp:featuredmedia":[{"embeddable":true,"href":"https:\/\/nvnoticias.mx\/index.php\/wp-json\/wp\/v2\/media\/96529"}],"wp:attachment":[{"href":"https:\/\/nvnoticias.mx\/index.php\/wp-json\/wp\/v2\/media?parent=96528"}],"wp:term":[{"taxonomy":"category","embeddable":true,"href":"https:\/\/nvnoticias.mx\/index.php\/wp-json\/wp\/v2\/categories?post=96528"},{"taxonomy":"post_tag","embeddable":true,"href":"https:\/\/nvnoticias.mx\/index.php\/wp-json\/wp\/v2\/tags?post=96528"}],"curies":[{"name":"wp","href":"https:\/\/api.w.org\/{rel}","templated":true}]}}