{"id":96392,"date":"2023-03-01T16:55:28","date_gmt":"2023-03-01T22:55:28","guid":{"rendered":"https:\/\/nvnoticias.mx\/?p=96392"},"modified":"2023-03-01T16:55:30","modified_gmt":"2023-03-01T22:55:30","slug":"lamenta-unam-que-comite-no-pueda-emitir-resolucion-sobre-caso-yasmin-esquivel","status":"publish","type":"post","link":"https:\/\/nvnoticias.mx\/index.php\/2023\/03\/01\/lamenta-unam-que-comite-no-pueda-emitir-resolucion-sobre-caso-yasmin-esquivel\/","title":{"rendered":"Lamenta UNAM que comit\u00e9 no pueda emitir resoluci\u00f3n sobre caso Yasm\u00edn Esquivel"},"content":{"rendered":"\n<p>La Universidad Nacional Aut\u00f3noma de M\u00e9xico (UNAM) lament\u00f3 la suspensi\u00f3n definitiva en el amparo promovido por la ministra Yasm\u00edn Esquivel, pues retrasa por tiempo indefinido que el Comit\u00e9 Universitario de \u00c9tica (Cu\u00e9tica) emita el dictamen correspondiente sobre una apropiaci\u00f3n indebida de textos.<\/p>\n\n\n\n<p>En un comunicado, la UNAM aclar\u00f3 que el Comit\u00e9 Universitario de \u00c9tica ha desarrollado su trabajo respetando todos los derechos de los ex alumnos involucrados y est\u00e1 por concluirlo.<\/p>\n\n\n\n<p>Sin embargo, expuso, la Universidad Nacional acatar\u00e1 lo que ordena el Poder Judicial Federal que, en este caso, obliga al Cu\u00e9tica a abstenerse de emitir su dictamen t\u00e9cnico acad\u00e9mico.<\/p>\n\n\n\n<p>Adelant\u00f3 que har\u00e1 uso de todos los medios que la ley le otorga para poder cumplir con su funci\u00f3n constitucional.<\/p>\n\n\n\n<blockquote class=\"wp-block-quote is-layout-flow wp-block-quote-is-layout-flow\"><p>\u201cConfiamos en que las instancias judiciales comprender\u00e1n la naturaleza acad\u00e9mica de las funciones que la Universidad de la Naci\u00f3n y todos sus \u00f3rganos colegiados realizan, incluido el Comit\u00e9 Universitario de \u00c9tica\u201d finaliz\u00f3.<\/p><\/blockquote>\n\n\n\n<p>La jueza quinta de distrito en materia administrativa concedi\u00f3 a Esquivel la suspensi\u00f3n definitiva en el amparo que promovi\u00f3 para impugnar el proceso que realiza la UNAM y su comit\u00e9 de \u00e9tica<br><\/p>\n\n\n\n<p>Fuente: <a href=\"https:\/\/www.milenio.com\/politica\/unam-lamenta-suspension-otorgada-yasmin-esquivel\" data-type=\"URL\" data-id=\"https:\/\/www.milenio.com\/politica\/unam-lamenta-suspension-otorgada-yasmin-esquivel\">Milenio<\/a><\/p>\n","protected":false},"excerpt":{"rendered":"<p>La Universidad Nacional Aut\u00f3noma de M\u00e9xico (UNAM) lament\u00f3 la suspensi\u00f3n definitiva en el amparo promovido por la ministra Yasm\u00edn Esquivel, pues retrasa por tiempo indefinido que el Comit\u00e9 Universitario de \u00c9tica (Cu\u00e9tica) emita el dictamen correspondiente sobre una apropiaci\u00f3n indebida de textos. En un comunicado, la UNAM aclar\u00f3 que el Comit\u00e9 Universitario de \u00c9tica ha [&hellip;]<\/p>\n","protected":false},"author":35,"featured_media":87913,"comment_status":"open","ping_status":"open","sticky":false,"template":"","format":"standard","meta":{"_monsterinsights_skip_tracking":false,"_monsterinsights_sitenote_active":false,"_monsterinsights_sitenote_note":"","_monsterinsights_sitenote_category":0,"footnotes":""},"categories":[158],"tags":[4566,22784,7815,10917,1889,21993],"class_list":["post-96392","post","type-post","status-publish","format-standard","has-post-thumbnail","hentry","category-politica","tag-comite","tag-emitir","tag-lamenta","tag-resolucion","tag-unam","tag-yasmin-esquivel","wp-image-borders"],"amp_enabled":true,"_links":{"self":[{"href":"https:\/\/nvnoticias.mx\/index.php\/wp-json\/wp\/v2\/posts\/96392","targetHints":{"allow":["GET"]}}],"collection":[{"href":"https:\/\/nvnoticias.mx\/index.php\/wp-json\/wp\/v2\/posts"}],"about":[{"href":"https:\/\/nvnoticias.mx\/index.php\/wp-json\/wp\/v2\/types\/post"}],"author":[{"embeddable":true,"href":"https:\/\/nvnoticias.mx\/index.php\/wp-json\/wp\/v2\/users\/35"}],"replies":[{"embeddable":true,"href":"https:\/\/nvnoticias.mx\/index.php\/wp-json\/wp\/v2\/comments?post=96392"}],"version-history":[{"count":1,"href":"https:\/\/nvnoticias.mx\/index.php\/wp-json\/wp\/v2\/posts\/96392\/revisions"}],"predecessor-version":[{"id":96393,"href":"https:\/\/nvnoticias.mx\/index.php\/wp-json\/wp\/v2\/posts\/96392\/revisions\/96393"}],"wp:featuredmedia":[{"embeddable":true,"href":"https:\/\/nvnoticias.mx\/index.php\/wp-json\/wp\/v2\/media\/87913"}],"wp:attachment":[{"href":"https:\/\/nvnoticias.mx\/index.php\/wp-json\/wp\/v2\/media?parent=96392"}],"wp:term":[{"taxonomy":"category","embeddable":true,"href":"https:\/\/nvnoticias.mx\/index.php\/wp-json\/wp\/v2\/categories?post=96392"},{"taxonomy":"post_tag","embeddable":true,"href":"https:\/\/nvnoticias.mx\/index.php\/wp-json\/wp\/v2\/tags?post=96392"}],"curies":[{"name":"wp","href":"https:\/\/api.w.org\/{rel}","templated":true}]}}