{"id":96378,"date":"2023-03-01T15:53:28","date_gmt":"2023-03-01T21:53:28","guid":{"rendered":"https:\/\/nvnoticias.mx\/?p=96378"},"modified":"2023-03-01T15:53:28","modified_gmt":"2023-03-01T21:53:28","slug":"conejo-perez-defiende-a-cata-y-baca-de-las-criticas-en-cruz-azul","status":"publish","type":"post","link":"https:\/\/nvnoticias.mx\/index.php\/2023\/03\/01\/conejo-perez-defiende-a-cata-y-baca-de-las-criticas-en-cruz-azul\/","title":{"rendered":"&#8216;Conejo&#8217; P\u00e9rez defiende a Cata y Baca de las cr\u00edticas en Cruz Azul"},"content":{"rendered":"\n<p>\u00d3scar \u2018Conejo\u2019 P\u00e9rez, flamante director deportivo de Cruz Azul, habl\u00f3 sobre las cr\u00edticas de la afici\u00f3n hacia\u00a0Julio C\u00e9sar \u2018Cata\u2019 Dom\u00ednguez\u00a0y\u00a0Rafael Baca, las cuales considera que han sido \u201cinjustas\u201d tomando en cuenta la regularidad que ambos muestran en la cancha desde hace a\u00f1os.<\/p>\n\n\n\n<blockquote class=\"wp-block-quote is-layout-flow wp-block-quote-is-layout-flow\"><p>\u201c<em>El Cata es un hist\u00f3rico de Cruz Azul, no ha cambiado de playera, desde fuerzas b\u00e1sicas siempre dedicado, siempre profesional, Baca ni se diga, siempre aportando buen ambiente a los compa\u00f1eros, orient\u00e1ndolos de la mejor manera<\/em><\/p><\/blockquote>\n\n\n\n<blockquote class=\"wp-block-quote is-layout-flow wp-block-quote-is-layout-flow\"><p>\u201c<em>Cata cometi\u00f3 un error, pero ya est\u00e1, ya entendi\u00f3, aprendi\u00f3, pero\u00a0en la\u00a0cancha siempre te entregan buenas cuentas, son muy regulares. El nivel siempre lo han mantenido. Creo que s\u00ed es un poco injusto esa parte de la afici\u00f3n (cr\u00edticas)<\/em>\u201d, sentenci\u00f3 en entrevista exclusiva para\u00a0L\u00ednea de 4.<\/p><\/blockquote>\n\n\n\n<p>Pese a los elogios para el Cata y Baca, el \u2018Conejo\u2019 P\u00e9rez no asegur\u00f3 la continuidad de ambos, adem\u00e1s de la de\u00a0Jes\u00fas Corona, pues se sentar\u00e1 a hablar junto a\u00a0Ricardo \u2018Tuca\u2019 Ferretti\u00a0una vez que este termine de analizar a la plantilla para saber a qu\u00e9 jugadores renovar y qu\u00e9 posiciones se reforzar\u00e1n rumbo al\u00a0Apertura 2023.<\/p>\n\n\n\n<blockquote class=\"wp-block-quote is-layout-flow wp-block-quote-is-layout-flow\"><p>\u201c<em>Hasta ahorita todav\u00eda no nos hemos sentado, estamos esperando a que se analice bien todo, con base a ello llegar\u00e1 el momento donde se tenga que hablar\u201d<\/em>, explic\u00f3.<\/p><\/blockquote>\n\n\n\n<h4 class=\"wp-block-heading\">CONEJO ADMITE MUCHA PRESI\u00d3N EN CRUZ AZUL: \u201cQUE DIOSITO ME ILUMINE\u201d<\/h4>\n\n\n\n<p>\u00d3scar P\u00e9rez\u00a0reconoci\u00f3 que, a diferencia de su etapa de jugador, entrenador de porteros o auxiliar de\u00a0Cruz Azul, ser director deportivo es una presi\u00f3n mucho mayor, por lo que espera tomar las decisiones correctas en busca de liderar a La M\u00e1quina al d\u00e9cimo t\u00edtulo de\u00a0Liga MX.<\/p>\n\n\n\n<p>Fuente: <a href=\"https:\/\/www.tudn.com\/futbol\/liga-mx\/conejo-perez-defiende-cata-baca-criticas-cruz-azul-han-sido-injustas\">TUDN<\/a><\/p>\n","protected":false},"excerpt":{"rendered":"<p>\u00d3scar \u2018Conejo\u2019 P\u00e9rez, flamante director deportivo de Cruz Azul, habl\u00f3 sobre las cr\u00edticas de la afici\u00f3n hacia\u00a0Julio C\u00e9sar \u2018Cata\u2019 Dom\u00ednguez\u00a0y\u00a0Rafael Baca, las cuales considera que han sido \u201cinjustas\u201d tomando en cuenta la regularidad que ambos muestran en la cancha desde hace a\u00f1os. \u201cEl Cata es un hist\u00f3rico de Cruz Azul, no ha cambiado de playera, [&hellip;]<\/p>\n","protected":false},"author":8,"featured_media":96383,"comment_status":"open","ping_status":"open","sticky":false,"template":"","format":"standard","meta":{"_monsterinsights_skip_tracking":false,"_monsterinsights_sitenote_active":false,"_monsterinsights_sitenote_note":"","_monsterinsights_sitenote_category":0,"footnotes":""},"categories":[159],"tags":[23532,361,23443,23533],"class_list":["post-96378","post","type-post","status-publish","format-standard","has-post-thumbnail","hentry","category-deportes","tag-cata-dominguez","tag-cruz-azul","tag-oscar-conejo-perez","tag-rafael-baca","wp-image-borders"],"amp_enabled":true,"_links":{"self":[{"href":"https:\/\/nvnoticias.mx\/index.php\/wp-json\/wp\/v2\/posts\/96378","targetHints":{"allow":["GET"]}}],"collection":[{"href":"https:\/\/nvnoticias.mx\/index.php\/wp-json\/wp\/v2\/posts"}],"about":[{"href":"https:\/\/nvnoticias.mx\/index.php\/wp-json\/wp\/v2\/types\/post"}],"author":[{"embeddable":true,"href":"https:\/\/nvnoticias.mx\/index.php\/wp-json\/wp\/v2\/users\/8"}],"replies":[{"embeddable":true,"href":"https:\/\/nvnoticias.mx\/index.php\/wp-json\/wp\/v2\/comments?post=96378"}],"version-history":[{"count":1,"href":"https:\/\/nvnoticias.mx\/index.php\/wp-json\/wp\/v2\/posts\/96378\/revisions"}],"predecessor-version":[{"id":96384,"href":"https:\/\/nvnoticias.mx\/index.php\/wp-json\/wp\/v2\/posts\/96378\/revisions\/96384"}],"wp:featuredmedia":[{"embeddable":true,"href":"https:\/\/nvnoticias.mx\/index.php\/wp-json\/wp\/v2\/media\/96383"}],"wp:attachment":[{"href":"https:\/\/nvnoticias.mx\/index.php\/wp-json\/wp\/v2\/media?parent=96378"}],"wp:term":[{"taxonomy":"category","embeddable":true,"href":"https:\/\/nvnoticias.mx\/index.php\/wp-json\/wp\/v2\/categories?post=96378"},{"taxonomy":"post_tag","embeddable":true,"href":"https:\/\/nvnoticias.mx\/index.php\/wp-json\/wp\/v2\/tags?post=96378"}],"curies":[{"name":"wp","href":"https:\/\/api.w.org\/{rel}","templated":true}]}}