{"id":96367,"date":"2023-03-01T15:07:33","date_gmt":"2023-03-01T21:07:33","guid":{"rendered":"https:\/\/nvnoticias.mx\/?p=96367"},"modified":"2023-03-01T15:07:33","modified_gmt":"2023-03-01T21:07:33","slug":"reconocera-xalapa-a-la-mujer-en-las-artes","status":"publish","type":"post","link":"https:\/\/nvnoticias.mx\/index.php\/2023\/03\/01\/reconocera-xalapa-a-la-mujer-en-las-artes\/","title":{"rendered":"Reconocer\u00e1 Xalapa a la Mujer en las Artes"},"content":{"rendered":"\n<p>Xalapa, Ver.- Reconoci\u00e9ndola como parte fundamental de la cultura y celebrando sus aportes a las diferentes disciplinas art\u00edsticas, el Ayuntamiento prepar\u00f3 un programa especial dedicado a la Mujer en Las Artes, por lo que durante marzo se podr\u00e1 disfrutar de obras de teatro, conciertos, exposiciones, pasarela de moda y proyecciones de pel\u00edculas que resaltan su papel y las situaciones en la sociedad actual.<\/p>\n\n\n\n<p>El 8 de marzo, D\u00eda Internacional de la Mujer, se podr\u00e1 disfrutar del cortometraje \u201cLeonina\u201d, dirigido por Katia Galindo, a las 19:00 horas, en el parque Benito Ju\u00e1rez. Este filme dram\u00e1tico narra la historia de Estefany, una mujer que sufre violencia y, a causa de su debilidad espiritual y f\u00edsica, es blanco f\u00e1cil para quienes buscan transgredir su integridad.<\/p>\n\n\n\n<p>Sin embargo, esta situaci\u00f3n la lleva a decidir dejar de ser v\u00edctima. Por lo tanto, se dispone a tomar las riendas de s\u00ed misma y de su vida a trav\u00e9s de las artes marciales mixtas, las cuales le brindan m\u00e1s que fuerza f\u00edsica.<\/p>\n\n\n\n<p>Los d\u00edas 8, 9 y 18 de marzo a las 19:00 horas, en el Teatro J.J. Herrera, se presentar\u00e1 la obra de teatro \u201cLilith vs Eva\u201d, del dramaturgo N\u00e9stor Guti\u00e9rrez, en la que se escenifican algunas dificultades que viven las mujeres para desarrollarse plenamente en la familia, escuela, trabajo y otros espacios.<\/p>\n\n\n\n<p>Esta puesta en escena promete una reflexi\u00f3n para mujeres y hombres, adem\u00e1s de la actuaci\u00f3n y dramatizaci\u00f3n con las voces que d\u00eda a d\u00eda se escuchan en la radio.<\/p>\n\n\n\n<p>El 13 de marzo a las 18:00 horas, los integrantes de la Orquesta Infantil y Juvenil ofrecer\u00e1n un Concierto Conmemorativo por el D\u00eda Internacional de la Mujer, en el Teatro J.J. Herrera; mientras que el 17 de marzo a las 20:00 horas, y como parte de los \u201cViernes de Punchis Punchis\u201d, Girl Power pondr\u00e1 a bailar al ritmo de la electr\u00f3nica a todos los asistentes al \u00c1gora de la Ciudad.<\/p>\n\n\n\n<p>Asimismo, el 24 de marzo a las 19:00 horas, Josselyn Fuentes inaugurar\u00e1 la exposici\u00f3n fotogr\u00e1fica \u201cDesde mi odisea visual\u201d, en el Centro Recreativo Xalape\u00f1o (CRX), y el 31 de marzo, en este mismo recinto cultural y a la misma hora, se llevar\u00e1 a cabo la Pasarela de Moda Arte-M\u00eda.<\/p>\n\n\n\n<p>Otros de los eventos pautados por la Direcci\u00f3n de Cultura es el Ciclo de Cine \u201cEllas tras la lente\u201d, dedicado a Mar\u00eda Novaro, reconocida directora, guionista, editora y productora de cine mexicano, quien desde 2018 se desempe\u00f1a como directora del Instituto Mexicano de Cinematograf\u00eda.<\/p>\n\n\n\n<p>Este \u201cmovie martes\u201d de marzo se realiza en coordinaci\u00f3n con el Departamento de Cinematograf\u00eda de la Universidad Veracruzana (UV), contemplando la proyecci\u00f3n de las pel\u00edculas \u201cLola\u201d (1989-M\u00e9xico) el 14 de marzo; \u201cSin dejar Huella\u201d (2000-M\u00e9xico), y &#8220;Danz\u00f3n&#8221; (1991- M\u00e9xico), el 28 de marzo, todas a las 18:00 horas en el Teatro J.J. Herrera.<\/p>\n\n\n\n<figure class=\"wp-block-gallery columns-3 is-cropped wp-block-gallery-1 is-layout-flex wp-block-gallery-is-layout-flex\"><ul class=\"blocks-gallery-grid\"><li class=\"blocks-gallery-item\"><figure><img loading=\"lazy\" decoding=\"async\" width=\"742\" height=\"1024\" src=\"https:\/\/nvnoticias.mx\/wp-content\/uploads\/2023\/03\/WhatsApp-Image-2023-03-01-at-14.59.13-742x1024.jpeg\" alt=\"\" data-id=\"96372\" data-full-url=\"https:\/\/nvnoticias.mx\/wp-content\/uploads\/2023\/03\/WhatsApp-Image-2023-03-01-at-14.59.13.jpeg\" data-link=\"https:\/\/nvnoticias.mx\/?attachment_id=96372\" class=\"wp-image-96372\" srcset=\"https:\/\/nvnoticias.mx\/wp-content\/uploads\/2023\/03\/WhatsApp-Image-2023-03-01-at-14.59.13-742x1024.jpeg 742w, https:\/\/nvnoticias.mx\/wp-content\/uploads\/2023\/03\/WhatsApp-Image-2023-03-01-at-14.59.13-218x300.jpeg 218w, https:\/\/nvnoticias.mx\/wp-content\/uploads\/2023\/03\/WhatsApp-Image-2023-03-01-at-14.59.13-768x1059.jpeg 768w, https:\/\/nvnoticias.mx\/wp-content\/uploads\/2023\/03\/WhatsApp-Image-2023-03-01-at-14.59.13.jpeg 928w\" sizes=\"auto, (max-width: 742px) 100vw, 742px\" \/><\/figure><\/li><li class=\"blocks-gallery-item\"><figure><img loading=\"lazy\" decoding=\"async\" width=\"667\" height=\"1024\" src=\"https:\/\/nvnoticias.mx\/wp-content\/uploads\/2023\/03\/WhatsApp-Image-2023-03-01-at-14.59.13-2.jpeg\" alt=\"\" data-id=\"96370\" data-full-url=\"https:\/\/nvnoticias.mx\/wp-content\/uploads\/2023\/03\/WhatsApp-Image-2023-03-01-at-14.59.13-2.jpeg\" data-link=\"https:\/\/nvnoticias.mx\/?attachment_id=96370\" class=\"wp-image-96370\" srcset=\"https:\/\/nvnoticias.mx\/wp-content\/uploads\/2023\/03\/WhatsApp-Image-2023-03-01-at-14.59.13-2.jpeg 667w, https:\/\/nvnoticias.mx\/wp-content\/uploads\/2023\/03\/WhatsApp-Image-2023-03-01-at-14.59.13-2-195x300.jpeg 195w\" sizes=\"auto, (max-width: 667px) 100vw, 667px\" \/><\/figure><\/li><li class=\"blocks-gallery-item\"><figure><img loading=\"lazy\" decoding=\"async\" width=\"662\" height=\"1024\" src=\"https:\/\/nvnoticias.mx\/wp-content\/uploads\/2023\/03\/WhatsApp-Image-2023-03-01-at-14.59.13-1-662x1024.jpeg\" alt=\"\" data-id=\"96369\" data-full-url=\"https:\/\/nvnoticias.mx\/wp-content\/uploads\/2023\/03\/WhatsApp-Image-2023-03-01-at-14.59.13-1.jpeg\" data-link=\"https:\/\/nvnoticias.mx\/?attachment_id=96369\" class=\"wp-image-96369\" srcset=\"https:\/\/nvnoticias.mx\/wp-content\/uploads\/2023\/03\/WhatsApp-Image-2023-03-01-at-14.59.13-1-662x1024.jpeg 662w, https:\/\/nvnoticias.mx\/wp-content\/uploads\/2023\/03\/WhatsApp-Image-2023-03-01-at-14.59.13-1-194x300.jpeg 194w, https:\/\/nvnoticias.mx\/wp-content\/uploads\/2023\/03\/WhatsApp-Image-2023-03-01-at-14.59.13-1-768x1187.jpeg 768w, https:\/\/nvnoticias.mx\/wp-content\/uploads\/2023\/03\/WhatsApp-Image-2023-03-01-at-14.59.13-1-994x1536.jpeg 994w, https:\/\/nvnoticias.mx\/wp-content\/uploads\/2023\/03\/WhatsApp-Image-2023-03-01-at-14.59.13-1.jpeg 1035w\" sizes=\"auto, (max-width: 662px) 100vw, 662px\" \/><\/figure><\/li><\/ul><\/figure>\n","protected":false},"excerpt":{"rendered":"<p>Xalapa, Ver.- Reconoci\u00e9ndola como parte fundamental de la cultura y celebrando sus aportes a las diferentes disciplinas art\u00edsticas, el Ayuntamiento prepar\u00f3 un programa especial dedicado a la Mujer en Las Artes, por lo que durante marzo se podr\u00e1 disfrutar de obras de teatro, conciertos, exposiciones, pasarela de moda y proyecciones de pel\u00edculas que resaltan su [&hellip;]<\/p>\n","protected":false},"author":35,"featured_media":96371,"comment_status":"open","ping_status":"open","sticky":false,"template":"","format":"standard","meta":{"_monsterinsights_skip_tracking":false,"_monsterinsights_sitenote_active":false,"_monsterinsights_sitenote_note":"","_monsterinsights_sitenote_category":0,"footnotes":""},"categories":[156],"tags":[23530,9200,312],"class_list":["post-96367","post","type-post","status-publish","format-standard","has-post-thumbnail","hentry","category-estado","tag-mujer-en-las-artes","tag-reconocera","tag-xalapa","wp-image-borders"],"amp_enabled":true,"_links":{"self":[{"href":"https:\/\/nvnoticias.mx\/index.php\/wp-json\/wp\/v2\/posts\/96367","targetHints":{"allow":["GET"]}}],"collection":[{"href":"https:\/\/nvnoticias.mx\/index.php\/wp-json\/wp\/v2\/posts"}],"about":[{"href":"https:\/\/nvnoticias.mx\/index.php\/wp-json\/wp\/v2\/types\/post"}],"author":[{"embeddable":true,"href":"https:\/\/nvnoticias.mx\/index.php\/wp-json\/wp\/v2\/users\/35"}],"replies":[{"embeddable":true,"href":"https:\/\/nvnoticias.mx\/index.php\/wp-json\/wp\/v2\/comments?post=96367"}],"version-history":[{"count":1,"href":"https:\/\/nvnoticias.mx\/index.php\/wp-json\/wp\/v2\/posts\/96367\/revisions"}],"predecessor-version":[{"id":96373,"href":"https:\/\/nvnoticias.mx\/index.php\/wp-json\/wp\/v2\/posts\/96367\/revisions\/96373"}],"wp:featuredmedia":[{"embeddable":true,"href":"https:\/\/nvnoticias.mx\/index.php\/wp-json\/wp\/v2\/media\/96371"}],"wp:attachment":[{"href":"https:\/\/nvnoticias.mx\/index.php\/wp-json\/wp\/v2\/media?parent=96367"}],"wp:term":[{"taxonomy":"category","embeddable":true,"href":"https:\/\/nvnoticias.mx\/index.php\/wp-json\/wp\/v2\/categories?post=96367"},{"taxonomy":"post_tag","embeddable":true,"href":"https:\/\/nvnoticias.mx\/index.php\/wp-json\/wp\/v2\/tags?post=96367"}],"curies":[{"name":"wp","href":"https:\/\/api.w.org\/{rel}","templated":true}]}}