{"id":96339,"date":"2023-03-01T13:37:33","date_gmt":"2023-03-01T19:37:33","guid":{"rendered":"https:\/\/nvnoticias.mx\/?p=96339"},"modified":"2023-03-01T13:37:34","modified_gmt":"2023-03-01T19:37:34","slug":"taxistas-se-pronuncian-contra-posible-modificacion-de-la-ley-de-transporte-del-estado-de-veracruz","status":"publish","type":"post","link":"https:\/\/nvnoticias.mx\/index.php\/2023\/03\/01\/taxistas-se-pronuncian-contra-posible-modificacion-de-la-ley-de-transporte-del-estado-de-veracruz\/","title":{"rendered":"Taxistas se pronuncian contra posible modificaci\u00f3n de la Ley de Transporte del Estado de Veracruz"},"content":{"rendered":"\n<p><strong>Jes\u00fas Utrilla \/ NV Noticias<\/strong><\/p>\n\n\n\n<p>El Movimiento Nacional Transportista expres\u00f3 su rechazo a una posible modificaci\u00f3n de la Ley de Transporte del Estado de Veracruz. <\/p>\n\n\n\n<p>Ignacio Rodr\u00edguez Mej\u00eda, presidente nacional del organismo solicit\u00f3 informaci\u00f3n de las adecuaciones que se realizar\u00e1n al reglamento en el estado, pues temen que los afecten.<\/p>\n\n\n\n<p>Dijo que se reuni\u00f3 con diputados locales y no existe ninguna adecuaci\u00f3n desde el Congreso Estatal, pero desde la Consejer\u00eda Jur\u00eddica del Estado se est\u00e1 procesando la ley. <\/p>\n\n\n\n<p>Por ello solicit\u00f3 que se informe sobre las reformas ya que de ellas depender\u00e1n las condiciones de la actividad que desarrollan como transportistas.<\/p>\n\n\n\n<blockquote class=\"wp-block-quote is-layout-flow wp-block-quote-is-layout-flow\"><p>\u201c<em>Esa es una de las preocupaciones principales, sobre todo cuando hemos visto en Quintana Roo donde un juzgado emite un fallo a favor de este servicio que consideramos ilegal y que nos preocupa. De modo preventivo antes que una situaci\u00f3n adversa suceda queremos tener todos los elementos informativos<\/em>\u201d.<\/p><\/blockquote>\n\n\n\n<p>Aclar\u00f3 que busca un di\u00e1logo cordial e institucional con la autoridad para evitar que se den conflictos como en Quintana Roo.<\/p>\n\n\n\n<p>Record\u00f3 que en Veracruz no es legal que circule Uber o alguna otra empresa similar.<\/p>\n\n\n\n<p>Adem\u00e1s\u00a0 se trata de una competencia desleal que llega del extranjero a trav\u00e9s de plataformas tecnol\u00f3gicas.<\/p>\n","protected":false},"excerpt":{"rendered":"<p>Jes\u00fas Utrilla \/ NV Noticias El Movimiento Nacional Transportista expres\u00f3 su rechazo a una posible modificaci\u00f3n de la Ley de Transporte del Estado de Veracruz. Ignacio Rodr\u00edguez Mej\u00eda, presidente nacional del organismo solicit\u00f3 informaci\u00f3n de las adecuaciones que se realizar\u00e1n al reglamento en el estado, pues temen que los afecten. Dijo que se reuni\u00f3 con [&hellip;]<\/p>\n","protected":false},"author":8,"featured_media":96340,"comment_status":"open","ping_status":"open","sticky":false,"template":"","format":"standard","meta":{"_monsterinsights_skip_tracking":false,"_monsterinsights_sitenote_active":false,"_monsterinsights_sitenote_note":"","_monsterinsights_sitenote_category":0,"footnotes":""},"categories":[154],"tags":[23521,884,180],"class_list":["post-96339","post","type-post","status-publish","format-standard","has-post-thumbnail","hentry","category-veracruz","tag-ley-del-transporte","tag-taxistas","tag-veracruz","wp-image-borders"],"amp_enabled":true,"_links":{"self":[{"href":"https:\/\/nvnoticias.mx\/index.php\/wp-json\/wp\/v2\/posts\/96339","targetHints":{"allow":["GET"]}}],"collection":[{"href":"https:\/\/nvnoticias.mx\/index.php\/wp-json\/wp\/v2\/posts"}],"about":[{"href":"https:\/\/nvnoticias.mx\/index.php\/wp-json\/wp\/v2\/types\/post"}],"author":[{"embeddable":true,"href":"https:\/\/nvnoticias.mx\/index.php\/wp-json\/wp\/v2\/users\/8"}],"replies":[{"embeddable":true,"href":"https:\/\/nvnoticias.mx\/index.php\/wp-json\/wp\/v2\/comments?post=96339"}],"version-history":[{"count":1,"href":"https:\/\/nvnoticias.mx\/index.php\/wp-json\/wp\/v2\/posts\/96339\/revisions"}],"predecessor-version":[{"id":96341,"href":"https:\/\/nvnoticias.mx\/index.php\/wp-json\/wp\/v2\/posts\/96339\/revisions\/96341"}],"wp:featuredmedia":[{"embeddable":true,"href":"https:\/\/nvnoticias.mx\/index.php\/wp-json\/wp\/v2\/media\/96340"}],"wp:attachment":[{"href":"https:\/\/nvnoticias.mx\/index.php\/wp-json\/wp\/v2\/media?parent=96339"}],"wp:term":[{"taxonomy":"category","embeddable":true,"href":"https:\/\/nvnoticias.mx\/index.php\/wp-json\/wp\/v2\/categories?post=96339"},{"taxonomy":"post_tag","embeddable":true,"href":"https:\/\/nvnoticias.mx\/index.php\/wp-json\/wp\/v2\/tags?post=96339"}],"curies":[{"name":"wp","href":"https:\/\/api.w.org\/{rel}","templated":true}]}}