{"id":96133,"date":"2023-02-28T15:01:23","date_gmt":"2023-02-28T21:01:23","guid":{"rendered":"https:\/\/nvnoticias.mx\/?p=96133"},"modified":"2023-02-28T15:01:25","modified_gmt":"2023-02-28T21:01:25","slug":"manda-amlo-al-congreso-iniciativas-contra-drogas-sinteticas-y-tala-ilegal","status":"publish","type":"post","link":"https:\/\/nvnoticias.mx\/index.php\/2023\/02\/28\/manda-amlo-al-congreso-iniciativas-contra-drogas-sinteticas-y-tala-ilegal\/","title":{"rendered":"Manda AMLO al Congreso iniciativas contra drogas sint\u00e9ticas y tala ilegal"},"content":{"rendered":"\n<p>El presidente Andr\u00e9s Manuel L\u00f3pez Obrador envi\u00f3\u00a0dos iniciativas\u00a0a la C\u00e1mara de Diputados para prevenir el uso de qu\u00edmicos en drogas sint\u00e9ticas y combatir la tala ilegal.<\/p>\n\n\n\n<p>La primera iniciativa plantea reformar la Ley federal para el control de precursores qu\u00edmicos, productos qu\u00edmicos esenciales y m\u00e1quinas para elaborar c\u00e1psulas, tabletas y\/o comprimidos.<\/p>\n\n\n\n<p>El objetivo es fortalecer las acciones de fiscalizaci\u00f3n y medidas de vigilancia, control y verificaci\u00f3n de recursos qu\u00edmicos y productos qu\u00edmicos esenciales, de forma que se asegure su correcta disponibilidad para uso m\u00e9dico y cient\u00edfico.<\/p>\n\n\n\n<p>Con lo anterior, se busca prevenir el desv\u00edo o uso de precursores qu\u00edmicos para la producci\u00f3n il\u00edcita de drogas sint\u00e9ticas, as\u00ed como castigar estas acciones.<\/p>\n\n\n\n<p>En tanto, la propuesta contra la tala clandestina modifica tres art\u00edculos del C\u00f3digo Penal Federal para incrementar las penas para quienes cometan este delito.<\/p>\n\n\n\n<p>Con un cambio en el art\u00edculo 418 se establecer\u00edan penas de 6 meses a 9 a\u00f1os de prisi\u00f3n y multas de 100 a 3 mil veces el valor diario de la Unidad de Medida y Actualizaci\u00f3n (UMA) vigente, cuando -sin contar con la autorizaci\u00f3n previa- se destruya la vegetaci\u00f3n forestal, se corte, arranque, derribe o tale alg\u00fan \u00e1rbol o se cambie el uso del suelo forestal.<\/p>\n\n\n\n<p>La pena aumentar\u00e1 hasta 4 a\u00f1os m\u00e1s, es decir, hasta de 13 a\u00f1os y una multa de 5 mil veces el valor de la UMA cuando las conductas se realicen en un \u00e1rea natural protegida.<\/p>\n\n\n\n<p>En el caso de que se realicen empleando armas de fuego o cualquier otro medio violento en contra de las personas o para obtener un lucro o beneficio econ\u00f3mico, se impondr\u00e1 una pena de 3 a 12 a\u00f1os de prisi\u00f3n y una multa de 500 a 5 mil veces el valor de la UMA.<\/p>\n\n\n\n<p>Tambi\u00e9n suben las penas hasta por 12 a\u00f1os de prisi\u00f3n a quien, sin que exista un permiso, transporte, comercie, almacene o transforme la madera en rollos, astillas, carb\u00f3n vegetal, as\u00ed como cualquier otro recurso forestal maderable.<\/p>\n\n\n\n<p>La propuesta explica que el comercio ilegal de recursos naturales a nivel global es tan grande como el crimen organizado trasnacional, pues considera a la tala ilegal podr\u00eda representar hasta entre 30 mil millones y 100 mil millones de d\u00f3lares al a\u00f1o y ocupar entre 10% y 30% del comercio total de la madera en el mundo.<\/p>\n\n\n\n<blockquote class=\"wp-block-quote is-layout-flow wp-block-quote-is-layout-flow\"><p>\u201cEste dinero, controlado sobre todo por la delincuencia organizada, no paga impuestos y se ha utilizado para sobornar a funcionarios gubernamentales corruptos de todos los niveles\u201d, menciona la propuesta, pues se\u00f1ala que los grupos del narcotr\u00e1fico se han diversificados en sus fuentes de ingreso y una de ellas es la venta de madera.<\/p><\/blockquote>\n\n\n\n<p>Fuente: <a href=\"https:\/\/www.forbes.com.mx\/amlo-manda-al-congreso-iniciativas-contra-drogas-sinteticas-y-tala-ilegal\/\" data-type=\"URL\" data-id=\"https:\/\/www.forbes.com.mx\/amlo-manda-al-congreso-iniciativas-contra-drogas-sinteticas-y-tala-ilegal\/\">Forbes<\/a><\/p>\n","protected":false},"excerpt":{"rendered":"<p>El presidente Andr\u00e9s Manuel L\u00f3pez Obrador envi\u00f3\u00a0dos iniciativas\u00a0a la C\u00e1mara de Diputados para prevenir el uso de qu\u00edmicos en drogas sint\u00e9ticas y combatir la tala ilegal. La primera iniciativa plantea reformar la Ley federal para el control de precursores qu\u00edmicos, productos qu\u00edmicos esenciales y m\u00e1quinas para elaborar c\u00e1psulas, tabletas y\/o comprimidos. El objetivo es fortalecer [&hellip;]<\/p>\n","protected":false},"author":35,"featured_media":93031,"comment_status":"open","ping_status":"open","sticky":false,"template":"","format":"standard","meta":{"_monsterinsights_skip_tracking":false,"_monsterinsights_sitenote_active":false,"_monsterinsights_sitenote_note":"","_monsterinsights_sitenote_category":0,"footnotes":""},"categories":[158],"tags":[1201,3538,15387,23496],"class_list":["post-96133","post","type-post","status-publish","format-standard","has-post-thumbnail","hentry","category-politica","tag-drogas","tag-iniciativas","tag-manda","tag-sinteticas","wp-image-borders"],"amp_enabled":true,"_links":{"self":[{"href":"https:\/\/nvnoticias.mx\/index.php\/wp-json\/wp\/v2\/posts\/96133","targetHints":{"allow":["GET"]}}],"collection":[{"href":"https:\/\/nvnoticias.mx\/index.php\/wp-json\/wp\/v2\/posts"}],"about":[{"href":"https:\/\/nvnoticias.mx\/index.php\/wp-json\/wp\/v2\/types\/post"}],"author":[{"embeddable":true,"href":"https:\/\/nvnoticias.mx\/index.php\/wp-json\/wp\/v2\/users\/35"}],"replies":[{"embeddable":true,"href":"https:\/\/nvnoticias.mx\/index.php\/wp-json\/wp\/v2\/comments?post=96133"}],"version-history":[{"count":1,"href":"https:\/\/nvnoticias.mx\/index.php\/wp-json\/wp\/v2\/posts\/96133\/revisions"}],"predecessor-version":[{"id":96134,"href":"https:\/\/nvnoticias.mx\/index.php\/wp-json\/wp\/v2\/posts\/96133\/revisions\/96134"}],"wp:featuredmedia":[{"embeddable":true,"href":"https:\/\/nvnoticias.mx\/index.php\/wp-json\/wp\/v2\/media\/93031"}],"wp:attachment":[{"href":"https:\/\/nvnoticias.mx\/index.php\/wp-json\/wp\/v2\/media?parent=96133"}],"wp:term":[{"taxonomy":"category","embeddable":true,"href":"https:\/\/nvnoticias.mx\/index.php\/wp-json\/wp\/v2\/categories?post=96133"},{"taxonomy":"post_tag","embeddable":true,"href":"https:\/\/nvnoticias.mx\/index.php\/wp-json\/wp\/v2\/tags?post=96133"}],"curies":[{"name":"wp","href":"https:\/\/api.w.org\/{rel}","templated":true}]}}