{"id":95966,"date":"2023-02-27T14:22:45","date_gmt":"2023-02-27T20:22:45","guid":{"rendered":"https:\/\/nvnoticias.mx\/?p=95966"},"modified":"2023-02-27T14:22:45","modified_gmt":"2023-02-27T20:22:45","slug":"a-mediados-de-marzo-saldra-la-convocatoria-para-elegir-a-la-corte-real-del-carnaval","status":"publish","type":"post","link":"https:\/\/nvnoticias.mx\/index.php\/2023\/02\/27\/a-mediados-de-marzo-saldra-la-convocatoria-para-elegir-a-la-corte-real-del-carnaval\/","title":{"rendered":"A mediados de marzo saldr\u00e1 la convocatoria para elegir a la corte real del Carnaval"},"content":{"rendered":"\n<p><strong>Jes\u00fas Utrilla \/ NV Noticias<\/strong><\/p>\n\n\n\n<p>A mediados de marzo saldr\u00e1 la convocatoria para elegir a la corte real del Carnaval de Veracruz 2023. La elecci\u00f3n del rey y reina del carnaval ser\u00e1 mediante un concurso de conocimientos tur\u00edsticos, simpat\u00eda, alegria, belleza y no por dinero.<\/p>\n\n\n\n<p>Luis Antonio P\u00e9rez Fraga, presidente del comit\u00e9 organizador del Carnaval Veracruz 2023, se\u00f1al\u00f3 que se tendr\u00e1 un jurado que determinar\u00e1 a quienes ser\u00e1n los soberanos de la corte y su decisi\u00f3n ser\u00e1 inapelable.<\/p>\n\n\n\n<p>Tras la pol\u00e9mica de experiencias anteriores, que en esta ocasi\u00f3n s\u00f3lo cubrir\u00e1n el costo de la inscripci\u00f3n de alrededor de 60 mil pesos y deber\u00e1n participar en un concurso ambos, donde un jurado ante la vista p\u00fablica calificar\u00e1&nbsp;&nbsp;simpat\u00eda, alegr\u00eda , belleza y conocimiento del carnaval entre otros aspectos.<\/p>\n\n\n\n<blockquote class=\"wp-block-quote is-layout-flow wp-block-quote-is-layout-flow\"><p>\u201c<em>Cada una de las etapas se ir\u00e1 calificando a la vista del p\u00fablico, se podr\u00e1 tomar fotograf\u00edas de cada una de las etapas y la que quede en primer lugar, ser\u00e1 el rey o reina, segundo lugar ser\u00e1n las princesas y princesos primero y as\u00ed sucesivamente, habr\u00e1 una cantidad de cuota para la inscripci\u00f3n, antes eran 125 mil pesos, estamos viendo si aproximadamente la mitad ser\u00eda ahora<\/em>\u201d.<\/p><\/blockquote>\n\n\n\n<p>Asimismo dijo que los reyes del Carnaval de Veracruz contin\u00faan siendo Yeri Mua y Brian Villegas.<\/p>\n\n\n\n<p>Afirm\u00f3 que los soberanos del carnaval 2022 no fueron destituidos y ser\u00e1 decisi\u00f3n de ellos si participan en las festividades del 2023.<\/p>\n\n\n\n<blockquote class=\"wp-block-quote is-layout-flow wp-block-quote-is-layout-flow\"><p>\u201c<em>Para nosotros ambos siguen siendo los reyes del carnaval hasta que no haya unos nuevos reyes. No se ha acercado al comit\u00e9, pero ser\u00e1 una decisi\u00f3n personal de ambos el asistir a entregar la corona o no<\/em>\u201d.<\/p><\/blockquote>\n","protected":false},"excerpt":{"rendered":"<p>Jes\u00fas Utrilla \/ NV Noticias A mediados de marzo saldr\u00e1 la convocatoria para elegir a la corte real del Carnaval de Veracruz 2023. La elecci\u00f3n del rey y reina del carnaval ser\u00e1 mediante un concurso de conocimientos tur\u00edsticos, simpat\u00eda, alegria, belleza y no por dinero. Luis Antonio P\u00e9rez Fraga, presidente del comit\u00e9 organizador del Carnaval [&hellip;]<\/p>\n","protected":false},"author":8,"featured_media":95967,"comment_status":"open","ping_status":"open","sticky":false,"template":"","format":"standard","meta":{"_monsterinsights_skip_tracking":false,"_monsterinsights_sitenote_active":false,"_monsterinsights_sitenote_note":"","_monsterinsights_sitenote_category":0,"footnotes":""},"categories":[154],"tags":[1138,286],"class_list":["post-95966","post","type-post","status-publish","format-standard","has-post-thumbnail","hentry","category-veracruz","tag-carnaval-de-veracruz","tag-convocatoria","wp-image-borders"],"amp_enabled":true,"_links":{"self":[{"href":"https:\/\/nvnoticias.mx\/index.php\/wp-json\/wp\/v2\/posts\/95966","targetHints":{"allow":["GET"]}}],"collection":[{"href":"https:\/\/nvnoticias.mx\/index.php\/wp-json\/wp\/v2\/posts"}],"about":[{"href":"https:\/\/nvnoticias.mx\/index.php\/wp-json\/wp\/v2\/types\/post"}],"author":[{"embeddable":true,"href":"https:\/\/nvnoticias.mx\/index.php\/wp-json\/wp\/v2\/users\/8"}],"replies":[{"embeddable":true,"href":"https:\/\/nvnoticias.mx\/index.php\/wp-json\/wp\/v2\/comments?post=95966"}],"version-history":[{"count":1,"href":"https:\/\/nvnoticias.mx\/index.php\/wp-json\/wp\/v2\/posts\/95966\/revisions"}],"predecessor-version":[{"id":95968,"href":"https:\/\/nvnoticias.mx\/index.php\/wp-json\/wp\/v2\/posts\/95966\/revisions\/95968"}],"wp:featuredmedia":[{"embeddable":true,"href":"https:\/\/nvnoticias.mx\/index.php\/wp-json\/wp\/v2\/media\/95967"}],"wp:attachment":[{"href":"https:\/\/nvnoticias.mx\/index.php\/wp-json\/wp\/v2\/media?parent=95966"}],"wp:term":[{"taxonomy":"category","embeddable":true,"href":"https:\/\/nvnoticias.mx\/index.php\/wp-json\/wp\/v2\/categories?post=95966"},{"taxonomy":"post_tag","embeddable":true,"href":"https:\/\/nvnoticias.mx\/index.php\/wp-json\/wp\/v2\/tags?post=95966"}],"curies":[{"name":"wp","href":"https:\/\/api.w.org\/{rel}","templated":true}]}}