{"id":95962,"date":"2023-02-27T14:20:08","date_gmt":"2023-02-27T20:20:08","guid":{"rendered":"https:\/\/nvnoticias.mx\/?p=95962"},"modified":"2023-02-27T14:20:09","modified_gmt":"2023-02-27T20:20:09","slug":"este-lunes-iniciaron-operativos-para-detectar-a-conductores-de-uber","status":"publish","type":"post","link":"https:\/\/nvnoticias.mx\/index.php\/2023\/02\/27\/este-lunes-iniciaron-operativos-para-detectar-a-conductores-de-uber\/","title":{"rendered":"Este lunes iniciaron operativos para detectar a conductores de Uber"},"content":{"rendered":"\n<p><strong>Sam Ojeda \/ NV Noticias<\/strong><\/p>\n\n\n\n<p>Xalapa.- El gobernador de Veracruz, Cuitl\u00e1huac Garc\u00eda Jim\u00e9nez, dijo que este llunes iniciaron los operativos para detectar y detener a conductores de la plataforma Uber M\u00e9xico Technology &amp; Software S.A. de C.V.<\/p>\n\n\n\n<p>Indic\u00f3 que se proceder\u00e1 a asegurar los veh\u00edculos en flagrancia, y a los due\u00f1os de las unidades, someterlos a un procedimiento administrativo.<\/p>\n\n\n\n<blockquote class=\"wp-block-quote is-layout-flow wp-block-quote-is-layout-flow\"><p>\u201c<em>Se inicia un operativo para detectar quien pudiera estar faltando a esta reglamentaci\u00f3n y proceder a recoger el autom\u00f3vil conforme a derecho, (\u2026) se les recoge el auto, llegan aun alegato y se inicia un proceso administrativo y tienen que pasar este proceso administrativo<\/em>\u201d.<\/p><\/blockquote>\n\n\n\n<p>Y acus\u00f3 que Uber no cumple con la reglamentaci\u00f3n del Estado y que al momento de un conflicto legal, abandona a sus choferes sin la oportunidad de respaldarles por la v\u00eda legal.<\/p>\n\n\n\n<blockquote class=\"wp-block-quote is-layout-flow wp-block-quote-is-layout-flow\"><p><em>\u201cNo te defiende, detenemos el autom\u00f3vil y al chofer lo dejan morir solo<\/em>\u201d.<\/p><\/blockquote>\n","protected":false},"excerpt":{"rendered":"<p>Sam Ojeda \/ NV Noticias Xalapa.- El gobernador de Veracruz, Cuitl\u00e1huac Garc\u00eda Jim\u00e9nez, dijo que este llunes iniciaron los operativos para detectar y detener a conductores de la plataforma Uber M\u00e9xico Technology &amp; Software S.A. de C.V. Indic\u00f3 que se proceder\u00e1 a asegurar los veh\u00edculos en flagrancia, y a los due\u00f1os de las unidades, someterlos [&hellip;]<\/p>\n","protected":false},"author":8,"featured_media":95964,"comment_status":"open","ping_status":"open","sticky":false,"template":"","format":"standard","meta":{"_monsterinsights_skip_tracking":false,"_monsterinsights_sitenote_active":false,"_monsterinsights_sitenote_note":"","_monsterinsights_sitenote_category":0,"footnotes":""},"categories":[156],"tags":[5711,1850],"class_list":["post-95962","post","type-post","status-publish","format-standard","has-post-thumbnail","hentry","category-estado","tag-operativos","tag-uber","wp-image-borders"],"amp_enabled":true,"_links":{"self":[{"href":"https:\/\/nvnoticias.mx\/index.php\/wp-json\/wp\/v2\/posts\/95962","targetHints":{"allow":["GET"]}}],"collection":[{"href":"https:\/\/nvnoticias.mx\/index.php\/wp-json\/wp\/v2\/posts"}],"about":[{"href":"https:\/\/nvnoticias.mx\/index.php\/wp-json\/wp\/v2\/types\/post"}],"author":[{"embeddable":true,"href":"https:\/\/nvnoticias.mx\/index.php\/wp-json\/wp\/v2\/users\/8"}],"replies":[{"embeddable":true,"href":"https:\/\/nvnoticias.mx\/index.php\/wp-json\/wp\/v2\/comments?post=95962"}],"version-history":[{"count":1,"href":"https:\/\/nvnoticias.mx\/index.php\/wp-json\/wp\/v2\/posts\/95962\/revisions"}],"predecessor-version":[{"id":95965,"href":"https:\/\/nvnoticias.mx\/index.php\/wp-json\/wp\/v2\/posts\/95962\/revisions\/95965"}],"wp:featuredmedia":[{"embeddable":true,"href":"https:\/\/nvnoticias.mx\/index.php\/wp-json\/wp\/v2\/media\/95964"}],"wp:attachment":[{"href":"https:\/\/nvnoticias.mx\/index.php\/wp-json\/wp\/v2\/media?parent=95962"}],"wp:term":[{"taxonomy":"category","embeddable":true,"href":"https:\/\/nvnoticias.mx\/index.php\/wp-json\/wp\/v2\/categories?post=95962"},{"taxonomy":"post_tag","embeddable":true,"href":"https:\/\/nvnoticias.mx\/index.php\/wp-json\/wp\/v2\/tags?post=95962"}],"curies":[{"name":"wp","href":"https:\/\/api.w.org\/{rel}","templated":true}]}}