{"id":95946,"date":"2023-02-27T13:13:11","date_gmt":"2023-02-27T19:13:11","guid":{"rendered":"https:\/\/nvnoticias.mx\/?p=95946"},"modified":"2023-02-27T13:13:11","modified_gmt":"2023-02-27T19:13:11","slug":"abogado-penalistas-se-pronuncian-a-favor-de-la-defensa-del-ine","status":"publish","type":"post","link":"https:\/\/nvnoticias.mx\/index.php\/2023\/02\/27\/abogado-penalistas-se-pronuncian-a-favor-de-la-defensa-del-ine\/","title":{"rendered":"Abogado penalistas se pronuncian a favor de la defensa del INE"},"content":{"rendered":"\n<p><strong>Jes\u00fas Utrilla \/ NV Noticias<\/strong><\/p>\n\n\n\n<p>Defender al Instituto Nacional Electoral es defender a la Constituci\u00f3n y la democracia en M\u00e9xico, se\u00f1al\u00f3 Gilberto Farias Morales, presidente del Colegio Nacional de Abogados Penalistas AC. <\/p>\n\n\n\n<p>Consider\u00f3 que pretender desaparecerlo es un atentado a la democracia en M\u00e9xico, adem\u00e1s que el INE \u00a0a nivel internacional es reconocido como una instituci\u00f3n seria y la manifestaci\u00f3n de ayer domingo fue la conciencia del pueblo de M\u00e9xico mediante la cual piden respeto a la Constituci\u00f3n y a las instituciones .<\/p>\n\n\n\n<blockquote class=\"wp-block-quote is-layout-flow wp-block-quote-is-layout-flow\"><p>\u201c<em>Es una manera de \u00a0otorgar \u00a0confianza y apoyo a la Suprema Corte de Justicia de la Naci\u00f3n como \u00f3rgano de control constitucional. La Constituci\u00f3n como ley suprema en este pa\u00eds se debe cumplir y respetar \u00a0y es lo que pidieron los ciudadanos en la marcha de ayer. Violar la constituci\u00f3n es violar el estado de derecho<\/em>&#8220;.<\/p><\/blockquote>\n\n\n\n<p>Dijo que no es aceptable \u00a0que por un lado digan que con la suspensi\u00f3n que otorg\u00f3 un ministro de la corte en contra del llamado plan B se viol\u00f3 la Constituci\u00f3n y por otro lado existan constantes violaciones a la Carta Magna. <\/p>\n\n\n\n<p>Finaliz\u00f3 diciendo que no se puede \u00a0seguir viviendo fuera del marco jur\u00eddico, el respeto a la ley y las instituciones porque son estas las que \u00a0garantizan vivir en orden y en paz social.<\/p>\n","protected":false},"excerpt":{"rendered":"<p>Jes\u00fas Utrilla \/ NV Noticias Defender al Instituto Nacional Electoral es defender a la Constituci\u00f3n y la democracia en M\u00e9xico, se\u00f1al\u00f3 Gilberto Farias Morales, presidente del Colegio Nacional de Abogados Penalistas AC. Consider\u00f3 que pretender desaparecerlo es un atentado a la democracia en M\u00e9xico, adem\u00e1s que el INE \u00a0a nivel internacional es reconocido como una [&hellip;]<\/p>\n","protected":false},"author":8,"featured_media":55864,"comment_status":"open","ping_status":"open","sticky":false,"template":"","format":"standard","meta":{"_monsterinsights_skip_tracking":false,"_monsterinsights_sitenote_active":false,"_monsterinsights_sitenote_note":"","_monsterinsights_sitenote_category":0,"footnotes":""},"categories":[154],"tags":[23469,443],"class_list":["post-95946","post","type-post","status-publish","format-standard","has-post-thumbnail","hentry","category-veracruz","tag-colegio-nacional-de-abogados-penalistas-ac-2","tag-ine","wp-image-borders"],"amp_enabled":true,"_links":{"self":[{"href":"https:\/\/nvnoticias.mx\/index.php\/wp-json\/wp\/v2\/posts\/95946","targetHints":{"allow":["GET"]}}],"collection":[{"href":"https:\/\/nvnoticias.mx\/index.php\/wp-json\/wp\/v2\/posts"}],"about":[{"href":"https:\/\/nvnoticias.mx\/index.php\/wp-json\/wp\/v2\/types\/post"}],"author":[{"embeddable":true,"href":"https:\/\/nvnoticias.mx\/index.php\/wp-json\/wp\/v2\/users\/8"}],"replies":[{"embeddable":true,"href":"https:\/\/nvnoticias.mx\/index.php\/wp-json\/wp\/v2\/comments?post=95946"}],"version-history":[{"count":1,"href":"https:\/\/nvnoticias.mx\/index.php\/wp-json\/wp\/v2\/posts\/95946\/revisions"}],"predecessor-version":[{"id":95947,"href":"https:\/\/nvnoticias.mx\/index.php\/wp-json\/wp\/v2\/posts\/95946\/revisions\/95947"}],"wp:featuredmedia":[{"embeddable":true,"href":"https:\/\/nvnoticias.mx\/index.php\/wp-json\/wp\/v2\/media\/55864"}],"wp:attachment":[{"href":"https:\/\/nvnoticias.mx\/index.php\/wp-json\/wp\/v2\/media?parent=95946"}],"wp:term":[{"taxonomy":"category","embeddable":true,"href":"https:\/\/nvnoticias.mx\/index.php\/wp-json\/wp\/v2\/categories?post=95946"},{"taxonomy":"post_tag","embeddable":true,"href":"https:\/\/nvnoticias.mx\/index.php\/wp-json\/wp\/v2\/tags?post=95946"}],"curies":[{"name":"wp","href":"https:\/\/api.w.org\/{rel}","templated":true}]}}