{"id":95859,"date":"2023-02-26T16:31:48","date_gmt":"2023-02-26T22:31:48","guid":{"rendered":"https:\/\/nvnoticias.mx\/?p=95859"},"modified":"2023-02-26T16:31:50","modified_gmt":"2023-02-26T22:31:50","slug":"en-italia-naufragio-de-bote-con-migrantes-deja-60-muertos-incluidos-ninos","status":"publish","type":"post","link":"https:\/\/nvnoticias.mx\/index.php\/2023\/02\/26\/en-italia-naufragio-de-bote-con-migrantes-deja-60-muertos-incluidos-ninos\/","title":{"rendered":"En Italia, naufragio de bote con migrantes deja 60 muertos, incluidos ni\u00f1os"},"content":{"rendered":"\n<p>Al menos 60 migrantes perecieron cuando su atestado bote de madera se estrell\u00f3 contra arrecifes muy cerca de la costa de Italia el domingo al amanecer, inform\u00f3 la Guardia Costera italiana.<\/p>\n\n\n\n<p>Las autoridades creen que la cifra de fallecidos podr\u00eda llegar a 100 porque algunos sobrevivientes dijeron que en el barco hab\u00eda unas 200 personas, dijeron agencias de la ONU.<\/p>\n\n\n\n<blockquote class=\"wp-block-quote is-layout-flow wp-block-quote-is-layout-flow\"><p><em>\u201cHasta ahora, 80 personas han sido recuperadas vivas \u2014algunas de las cuales lograron llegar a la costa tras el naufragio\u2014 y se hallaron 43 cuerpos a lo largo de la costa<\/em>\u201d, inform\u00f3 el servicio de guardacostas en un comunicado poco antes del mediod\u00eda.<\/p><\/blockquote>\n\n\n\n<p>El barco transportaba a unas 120 personas y choc\u00f3 contra las rocas &#8220;a pocos metros de la orilla&#8221;, dijeron los guardacostas, que a\u00f1adieron que segu\u00eda la b\u00fasqueda de otros posibles sobrevivientes.<\/p>\n\n\n\n<p>Previamente, el alcalde de Cutro, Antonio Ceraso, declar\u00f3 al canal de noticias SkyTG24 que entre los fallecidos hab\u00eda mujeres y ni\u00f1os. Afirm\u00f3 que la embarcaci\u00f3n de madera de los migrantes se hab\u00eda &#8220;desintegrado&#8221; en medio de las tempestuosas condiciones del mar, con partes de las ruinas esparcidas por unos 300 metros de la costa.<\/p>\n\n\n\n<p>Con la voz entrecortada, Ceraso dijo que hab\u00eda presenciado &#8220;un espect\u00e1culo que no querr\u00edas ver en tu vida\u2026 una visi\u00f3n espantosa\u2026 que se te queda grabada para toda la vida&#8221;.<\/p>\n\n\n\n<p>Los bomberos estaban buscando en el mar en motos acu\u00e1ticas, pero las duras condiciones dificultaban la operaci\u00f3n, dijo&nbsp;el portavoz de los bomberos de Calabria, Danilo Maida.<\/p>\n\n\n\n<p>Los primeros informes de ANSA y otras agencias de noticias italianas hablaban de 27 cad\u00e1veres arrastrados por la corriente hasta la playa y de otros encontrados en el agua. La agencia de noticias italiana Adnkronos dijo que los migrantes atrapados en el naufragio proced\u00edan de Ir\u00e1n, Pakist\u00e1n y Afganist\u00e1n, mientras que ANSA afirm\u00f3 que proced\u00edan de Ir\u00e1n, Irak, Afganist\u00e1n y Siria.<\/p>\n\n\n\n<p>Fuente: <a href=\"https:\/\/www.milenio.com\/internacional\/naufragio-migrantes-deja-43-muertos-80-sobrevivientes-italia\">Milenio<\/a><\/p>\n","protected":false},"excerpt":{"rendered":"<p>Al menos 60 migrantes perecieron cuando su atestado bote de madera se estrell\u00f3 contra arrecifes muy cerca de la costa de Italia el domingo al amanecer, inform\u00f3 la Guardia Costera italiana. Las autoridades creen que la cifra de fallecidos podr\u00eda llegar a 100 porque algunos sobrevivientes dijeron que en el barco hab\u00eda unas 200 personas, [&hellip;]<\/p>\n","protected":false},"author":8,"featured_media":95860,"comment_status":"open","ping_status":"open","sticky":false,"template":"","format":"standard","meta":{"_monsterinsights_skip_tracking":false,"_monsterinsights_sitenote_active":false,"_monsterinsights_sitenote_note":"","_monsterinsights_sitenote_category":0,"footnotes":""},"categories":[181],"tags":[864,452],"class_list":["post-95859","post","type-post","status-publish","format-standard","has-post-thumbnail","hentry","category-internacional","tag-italia","tag-migrantes","wp-image-borders"],"amp_enabled":true,"_links":{"self":[{"href":"https:\/\/nvnoticias.mx\/index.php\/wp-json\/wp\/v2\/posts\/95859","targetHints":{"allow":["GET"]}}],"collection":[{"href":"https:\/\/nvnoticias.mx\/index.php\/wp-json\/wp\/v2\/posts"}],"about":[{"href":"https:\/\/nvnoticias.mx\/index.php\/wp-json\/wp\/v2\/types\/post"}],"author":[{"embeddable":true,"href":"https:\/\/nvnoticias.mx\/index.php\/wp-json\/wp\/v2\/users\/8"}],"replies":[{"embeddable":true,"href":"https:\/\/nvnoticias.mx\/index.php\/wp-json\/wp\/v2\/comments?post=95859"}],"version-history":[{"count":1,"href":"https:\/\/nvnoticias.mx\/index.php\/wp-json\/wp\/v2\/posts\/95859\/revisions"}],"predecessor-version":[{"id":95861,"href":"https:\/\/nvnoticias.mx\/index.php\/wp-json\/wp\/v2\/posts\/95859\/revisions\/95861"}],"wp:featuredmedia":[{"embeddable":true,"href":"https:\/\/nvnoticias.mx\/index.php\/wp-json\/wp\/v2\/media\/95860"}],"wp:attachment":[{"href":"https:\/\/nvnoticias.mx\/index.php\/wp-json\/wp\/v2\/media?parent=95859"}],"wp:term":[{"taxonomy":"category","embeddable":true,"href":"https:\/\/nvnoticias.mx\/index.php\/wp-json\/wp\/v2\/categories?post=95859"},{"taxonomy":"post_tag","embeddable":true,"href":"https:\/\/nvnoticias.mx\/index.php\/wp-json\/wp\/v2\/tags?post=95859"}],"curies":[{"name":"wp","href":"https:\/\/api.w.org\/{rel}","templated":true}]}}