{"id":95844,"date":"2023-02-26T10:30:00","date_gmt":"2023-02-26T16:30:00","guid":{"rendered":"https:\/\/nvnoticias.mx\/?p=95844"},"modified":"2023-02-26T15:58:38","modified_gmt":"2023-02-26T21:58:38","slug":"pronostican-norte-con-rachas-de-100-km-h","status":"publish","type":"post","link":"https:\/\/nvnoticias.mx\/index.php\/2023\/02\/26\/pronostican-norte-con-rachas-de-100-km-h\/","title":{"rendered":"Pronostican norte con rachas de 100 km\/h"},"content":{"rendered":"\n<p>Luego de una surada en el estado de Veracruz que dejar\u00e1 temperaturas de hasta 34 grados Celsius, el pr\u00f3ximo viernes 3 de marzo un frente fr\u00edo recorrer\u00e1 el estado de Veracruz el cu\u00e1l dejar\u00e1 un evento de norte con rachas de hasta 100 kil\u00f3metros por hora.<\/p>\n\n\n\n<p>A mitad de semana un evento de surada se va a desarrollar en el Golfo de M\u00e9xico con rachas de frescas a fuertes,\u00a0la cual se extender\u00eda hacia la regi\u00f3n de los Tuxtlas, Cosamaloapan, Lerdo de Tejada, Jes\u00fas Carranza.<\/p>\n\n\n\n<p>El meteor\u00f3logo de la Secretar\u00eda de Protecci\u00f3n Civil del estado, Jafet Cervantes, inform\u00f3 que los vientos estar\u00e1n del sur, sureste y conforme trascurra la semana la temperatura se va a incrementar.<\/p>\n\n\n\n<p>Para el lunes la temperatura m\u00e1xima en la zona costera central rondar\u00eda de 30 a 32 grados Celsius, el martes ser\u00edan similares, para el mi\u00e9rcoles y jueves superar\u00edan los 33 a 34 grados Celsius, previo a la llegada de un frente fr\u00edo el pr\u00f3ximo viernes.<\/p>\n\n\n\n<p>El sistema frontal dejar\u00e1 un evento de norte en Veracruz-Boca del R\u00edo para el viernes 3 de marzo\u00a0con\u00a0caracter\u00edsticas importantes y\u00a0velocidades mayores de 75 kil\u00f3metros por hora y rachas que alcanzar\u00edan de 90 a 100 kil\u00f3metros por hora.<\/p>\n\n\n\n<p>Esta ma\u00f1ana amaneci\u00f3 con tiempo estable en la zona conurbada, en la estaci\u00f3n de Boca del R\u00edo registr\u00f3 22 grados Celsius. <\/p>\n\n\n\n<p>En la estaci\u00f3n del aeropuerto registr\u00f3 22 grados Celsius, 90 por ciento de humedad y presi\u00f3n atmosf\u00e9rica de 1017 milibares, vientos del noroeste de 5 kil\u00f3metros por hora.<\/p>\n\n\n\n<p>En la estaci\u00f3n norte de Veracruz, vientos del noreste de 8 a 10 kil\u00f3metros por hora.<\/p>\n","protected":false},"excerpt":{"rendered":"<p>Luego de una surada en el estado de Veracruz que dejar\u00e1 temperaturas de hasta 34 grados Celsius, el pr\u00f3ximo viernes 3 de marzo un frente fr\u00edo recorrer\u00e1 el estado de Veracruz el cu\u00e1l dejar\u00e1 un evento de norte con rachas de hasta 100 kil\u00f3metros por hora. A mitad de semana un evento de surada se [&hellip;]<\/p>\n","protected":false},"author":8,"featured_media":79065,"comment_status":"open","ping_status":"open","sticky":false,"template":"","format":"standard","meta":{"_monsterinsights_skip_tracking":false,"_monsterinsights_sitenote_active":false,"_monsterinsights_sitenote_note":"","_monsterinsights_sitenote_category":0,"footnotes":""},"categories":[154],"tags":[267,162,180],"class_list":["post-95844","post","type-post","status-publish","format-standard","has-post-thumbnail","hentry","category-veracruz","tag-norte","tag-portada","tag-veracruz","wp-image-borders"],"amp_enabled":true,"_links":{"self":[{"href":"https:\/\/nvnoticias.mx\/index.php\/wp-json\/wp\/v2\/posts\/95844","targetHints":{"allow":["GET"]}}],"collection":[{"href":"https:\/\/nvnoticias.mx\/index.php\/wp-json\/wp\/v2\/posts"}],"about":[{"href":"https:\/\/nvnoticias.mx\/index.php\/wp-json\/wp\/v2\/types\/post"}],"author":[{"embeddable":true,"href":"https:\/\/nvnoticias.mx\/index.php\/wp-json\/wp\/v2\/users\/8"}],"replies":[{"embeddable":true,"href":"https:\/\/nvnoticias.mx\/index.php\/wp-json\/wp\/v2\/comments?post=95844"}],"version-history":[{"count":1,"href":"https:\/\/nvnoticias.mx\/index.php\/wp-json\/wp\/v2\/posts\/95844\/revisions"}],"predecessor-version":[{"id":95845,"href":"https:\/\/nvnoticias.mx\/index.php\/wp-json\/wp\/v2\/posts\/95844\/revisions\/95845"}],"wp:featuredmedia":[{"embeddable":true,"href":"https:\/\/nvnoticias.mx\/index.php\/wp-json\/wp\/v2\/media\/79065"}],"wp:attachment":[{"href":"https:\/\/nvnoticias.mx\/index.php\/wp-json\/wp\/v2\/media?parent=95844"}],"wp:term":[{"taxonomy":"category","embeddable":true,"href":"https:\/\/nvnoticias.mx\/index.php\/wp-json\/wp\/v2\/categories?post=95844"},{"taxonomy":"post_tag","embeddable":true,"href":"https:\/\/nvnoticias.mx\/index.php\/wp-json\/wp\/v2\/tags?post=95844"}],"curies":[{"name":"wp","href":"https:\/\/api.w.org\/{rel}","templated":true}]}}