{"id":95810,"date":"2023-02-26T11:48:03","date_gmt":"2023-02-26T17:48:03","guid":{"rendered":"https:\/\/nvnoticias.mx\/?p=95810"},"modified":"2023-02-26T11:50:32","modified_gmt":"2023-02-26T17:50:32","slug":"marchan-en-veracruz-y-boca-del-rio-a-favor-del-ine","status":"publish","type":"post","link":"https:\/\/nvnoticias.mx\/index.php\/2023\/02\/26\/marchan-en-veracruz-y-boca-del-rio-a-favor-del-ine\/","title":{"rendered":"Marchan en Veracruz y Boca del R\u00edo a favor del INE"},"content":{"rendered":"\n<p><strong>Jes\u00fas Utrilla \/ NV Noticias<\/strong><\/p>\n\n\n\n<p>Veracruzanos salieron a las calles este domingo en la zona conurbada Veracruz- Boca del R\u00edo para pronunciarse a favor del Instituto Nacional Electoral.<\/p>\n\n\n\n<p>Se dijeron en contra de la reforma electoral porque atentara contra la democracia del pa\u00eds.<br>Gritaron consignas como: \u201cmi voto no se toca\u201d, \u201cINE aguanta el pueblo te levanta\u201d, \u201cel INE no se toca\u201d, \u201ctodos de la mano con el INE\u201d.<\/p>\n\n\n\n<p>Tambi\u00e9n llevaron pancartas con la leyenda: \u201cVeracruz en Defensa de la Democracia\u201d, \u201csi el INE desaparece la dictadura aparece\u201d.<\/p>\n\n\n\n<p>El contingente se reuni\u00f3 en plaza de la soberan\u00eda, ubicada en el bulevar Manuel \u00c1vila Camacho, casi esquina Sim\u00f3n Bol\u00edvar, de la ciudad de Veracruz, para seguir el rumbo en direcci\u00f3n Boca Del R\u00edo.<\/p>\n\n\n\n<p>Muchos acudieron con ropa rosa y blanca y se\u00f1alaron que si se busca ahorrar recursos se puede recortar otros rubros, pues el INE es necesario para tener procesos adecuados en materia electoral.<\/p>\n\n\n\n<p>Agregaron que si existe corrupci\u00f3n los funcionarios deben ir a la c\u00e1rcel, pero no se puede desaparecer a un instituto que garantiza la democracia en M\u00e9xico.<\/p>\n\n\n\n<p>Tambi\u00e9n consideraron que ser\u00e1 un retroceso hacer los cambios que se proponen y de ejemplo citaron los a\u00f1os que el PRI se mantuvo en el poder.<\/p>\n\n\n\n<p>Y es que se busca quitar atribuciones al \u00e1rbitro electoral y suavizar las sanciones contra partidos pol\u00edticos y servidores p\u00fablicos.<\/p>\n\n\n\n<p>Se sostiene que el INE es oneroso y que la democracia es innecesariamente cara en M\u00e9xico.<\/p>\n","protected":false},"excerpt":{"rendered":"<p>Jes\u00fas Utrilla \/ NV Noticias Veracruzanos salieron a las calles este domingo en la zona conurbada Veracruz- Boca del R\u00edo para pronunciarse a favor del Instituto Nacional Electoral. Se dijeron en contra de la reforma electoral porque atentara contra la democracia del pa\u00eds.Gritaron consignas como: \u201cmi voto no se toca\u201d, \u201cINE aguanta el pueblo te [&hellip;]<\/p>\n","protected":false},"author":8,"featured_media":95813,"comment_status":"open","ping_status":"open","sticky":false,"template":"","format":"standard","meta":{"_monsterinsights_skip_tracking":false,"_monsterinsights_sitenote_active":false,"_monsterinsights_sitenote_note":"","_monsterinsights_sitenote_category":0,"footnotes":""},"categories":[154],"tags":[4033,1507,162,180],"class_list":["post-95810","post","type-post","status-publish","format-standard","has-post-thumbnail","hentry","category-veracruz","tag-boca-del-rio-2","tag-marcha","tag-portada","tag-veracruz","wp-image-borders"],"amp_enabled":true,"_links":{"self":[{"href":"https:\/\/nvnoticias.mx\/index.php\/wp-json\/wp\/v2\/posts\/95810","targetHints":{"allow":["GET"]}}],"collection":[{"href":"https:\/\/nvnoticias.mx\/index.php\/wp-json\/wp\/v2\/posts"}],"about":[{"href":"https:\/\/nvnoticias.mx\/index.php\/wp-json\/wp\/v2\/types\/post"}],"author":[{"embeddable":true,"href":"https:\/\/nvnoticias.mx\/index.php\/wp-json\/wp\/v2\/users\/8"}],"replies":[{"embeddable":true,"href":"https:\/\/nvnoticias.mx\/index.php\/wp-json\/wp\/v2\/comments?post=95810"}],"version-history":[{"count":1,"href":"https:\/\/nvnoticias.mx\/index.php\/wp-json\/wp\/v2\/posts\/95810\/revisions"}],"predecessor-version":[{"id":95812,"href":"https:\/\/nvnoticias.mx\/index.php\/wp-json\/wp\/v2\/posts\/95810\/revisions\/95812"}],"wp:featuredmedia":[{"embeddable":true,"href":"https:\/\/nvnoticias.mx\/index.php\/wp-json\/wp\/v2\/media\/95813"}],"wp:attachment":[{"href":"https:\/\/nvnoticias.mx\/index.php\/wp-json\/wp\/v2\/media?parent=95810"}],"wp:term":[{"taxonomy":"category","embeddable":true,"href":"https:\/\/nvnoticias.mx\/index.php\/wp-json\/wp\/v2\/categories?post=95810"},{"taxonomy":"post_tag","embeddable":true,"href":"https:\/\/nvnoticias.mx\/index.php\/wp-json\/wp\/v2\/tags?post=95810"}],"curies":[{"name":"wp","href":"https:\/\/api.w.org\/{rel}","templated":true}]}}