{"id":95798,"date":"2023-02-25T16:46:06","date_gmt":"2023-02-25T22:46:06","guid":{"rendered":"https:\/\/nvnoticias.mx\/?p=95798"},"modified":"2023-02-25T16:46:07","modified_gmt":"2023-02-25T22:46:07","slug":"para-hacer-frente-a-la-inflacion-establecimientos-del-giro-comercial-mantienen-el-recorte-de-personal","status":"publish","type":"post","link":"https:\/\/nvnoticias.mx\/index.php\/2023\/02\/25\/para-hacer-frente-a-la-inflacion-establecimientos-del-giro-comercial-mantienen-el-recorte-de-personal\/","title":{"rendered":"Para hacer frente a la inflaci\u00f3n establecimientos del giro comercial mantienen el recorte de personal"},"content":{"rendered":"\n<p><strong>Jes\u00fas Utrilla \/ NV Noticias<\/strong><\/p>\n\n\n\n<p>Para poder hacer frente a la inflaci\u00f3n y los compromisos fiscales de este a\u00f1o establecimientos del giro comercial mantienen el recorte de personal, admiti\u00f3 Edi Alberto Mart\u00ednez Tejeda, presidente en Veracruz de la C\u00e1mara Nacional de Comercio (CANACO).<\/p>\n\n\n\n<p>Record\u00f3 que se tienen mayor gasto porque increment\u00f3 el d\u00eda de vacaciones, aument\u00f3 el salario m\u00ednimo, la inflaci\u00f3n contin\u00faa en crecimiento y de alguna manera los comerciantes tuvieron que realizar ajustes en la plantilla laboral. <\/p>\n\n\n\n<p>Pese a ello no se registra cierre de negocios en la ciudad de Veracruz, pero tampoco hay nuevas contrataciones y algunos comercios adelgazaron la plantilla laboral para seguir ofreciendo su servicio.<\/p>\n\n\n\n<blockquote class=\"wp-block-quote is-layout-flow wp-block-quote-is-layout-flow\"><p>\u201c<em>El tema de la inflaci\u00f3n nos pega a todos, son situaciones que nos van pegando y se refleja con la disminuci\u00f3n, en algunas ocasiones de empleados o creaci\u00f3n de empleos. No ha habido cierre de negocios pero s\u00ed vemos con preocupaci\u00f3n que los negocios han tenido que recordar fuentes de empleo<\/em>\u201d.<\/p><\/blockquote>\n\n\n\n<p>Admiti\u00f3 que en algunos comercios siguen registrando llamadas de extorsi\u00f3n, pero los empresarios y empleamos saben c\u00f3mo actuar para no caer en manos de la delincuencia. <\/p>\n\n\n\n<p>La Canaco tambi\u00e9n report\u00f3 una disminuci\u00f3n de 20 por ciento en la incidencia delictiva en el centro de la ciudad de Veracruz.<\/p>\n\n\n\n<blockquote class=\"wp-block-quote is-layout-flow wp-block-quote-is-layout-flow\"><p>\u201c<em>No estoy diciendo que no se lleven a cabo o que no haya hechos aislados, por supuesto que los hay pero se ha controlado m\u00e1<\/em>s\u201d.<\/p><\/blockquote>\n\n\n\n<p>Finalmente Edi Alberto Mart\u00ednez Tejeda, dijo que\u00a0 fue un acierto pasar nuevamente para el verano la fiesta 2023.<\/p>\n\n\n\n<blockquote class=\"wp-block-quote is-layout-flow wp-block-quote-is-layout-flow\"><p>\u201c<em>Es un mes bajo en el tema tur\u00edstico pero una de las festividades m\u00e1s importantes del estado es el Carnaval de Veracruz y estuvo muy fuerte el norte el fin de semana pasado y se hubiera visto afectado el carnaval si se hubiera llevado en esa fecha. Veo con buenos ojos que se pasar\u00e1 para junio-julio<\/em>\u201d, concluy\u00f3.<\/p><\/blockquote>\n","protected":false},"excerpt":{"rendered":"<p>Jes\u00fas Utrilla \/ NV Noticias Para poder hacer frente a la inflaci\u00f3n y los compromisos fiscales de este a\u00f1o establecimientos del giro comercial mantienen el recorte de personal, admiti\u00f3 Edi Alberto Mart\u00ednez Tejeda, presidente en Veracruz de la C\u00e1mara Nacional de Comercio (CANACO). Record\u00f3 que se tienen mayor gasto porque increment\u00f3 el d\u00eda de vacaciones, [&hellip;]<\/p>\n","protected":false},"author":8,"featured_media":82960,"comment_status":"open","ping_status":"open","sticky":false,"template":"","format":"standard","meta":{"_monsterinsights_skip_tracking":false,"_monsterinsights_sitenote_active":false,"_monsterinsights_sitenote_note":"","_monsterinsights_sitenote_category":0,"footnotes":""},"categories":[154],"tags":[978,4969],"class_list":["post-95798","post","type-post","status-publish","format-standard","has-post-thumbnail","hentry","category-veracruz","tag-canaco","tag-establecimientos","wp-image-borders"],"amp_enabled":true,"_links":{"self":[{"href":"https:\/\/nvnoticias.mx\/index.php\/wp-json\/wp\/v2\/posts\/95798","targetHints":{"allow":["GET"]}}],"collection":[{"href":"https:\/\/nvnoticias.mx\/index.php\/wp-json\/wp\/v2\/posts"}],"about":[{"href":"https:\/\/nvnoticias.mx\/index.php\/wp-json\/wp\/v2\/types\/post"}],"author":[{"embeddable":true,"href":"https:\/\/nvnoticias.mx\/index.php\/wp-json\/wp\/v2\/users\/8"}],"replies":[{"embeddable":true,"href":"https:\/\/nvnoticias.mx\/index.php\/wp-json\/wp\/v2\/comments?post=95798"}],"version-history":[{"count":1,"href":"https:\/\/nvnoticias.mx\/index.php\/wp-json\/wp\/v2\/posts\/95798\/revisions"}],"predecessor-version":[{"id":95800,"href":"https:\/\/nvnoticias.mx\/index.php\/wp-json\/wp\/v2\/posts\/95798\/revisions\/95800"}],"wp:featuredmedia":[{"embeddable":true,"href":"https:\/\/nvnoticias.mx\/index.php\/wp-json\/wp\/v2\/media\/82960"}],"wp:attachment":[{"href":"https:\/\/nvnoticias.mx\/index.php\/wp-json\/wp\/v2\/media?parent=95798"}],"wp:term":[{"taxonomy":"category","embeddable":true,"href":"https:\/\/nvnoticias.mx\/index.php\/wp-json\/wp\/v2\/categories?post=95798"},{"taxonomy":"post_tag","embeddable":true,"href":"https:\/\/nvnoticias.mx\/index.php\/wp-json\/wp\/v2\/tags?post=95798"}],"curies":[{"name":"wp","href":"https:\/\/api.w.org\/{rel}","templated":true}]}}