{"id":95681,"date":"2023-02-24T14:34:02","date_gmt":"2023-02-24T20:34:02","guid":{"rendered":"https:\/\/nvnoticias.mx\/?p=95681"},"modified":"2023-02-24T14:34:03","modified_gmt":"2023-02-24T20:34:03","slug":"contingencia-ambiental-no-tiene-nada-que-ver-con-un-asunto-politico-sheinbaum","status":"publish","type":"post","link":"https:\/\/nvnoticias.mx\/index.php\/2023\/02\/24\/contingencia-ambiental-no-tiene-nada-que-ver-con-un-asunto-politico-sheinbaum\/","title":{"rendered":"Contingencia ambiental no tiene nada que ver con un asunto pol\u00edtico: Sheinbaum"},"content":{"rendered":"\n<p>La contingencia ambiental &#8220;no tiene nada que ver con un asunto pol\u00edtico, nunca ha tenido que ver (\u2026) es un asunto absolutamente cient\u00edfico&#8221;, afirm\u00f3 la jefa de Gobierno de la Ciudad de M\u00e9xico,&nbsp;<strong>Claudia Sheinbaum<\/strong>.<\/p>\n\n\n\n<p>Luego de que en redes sociales actores pol\u00edticos se\u00f1alaran que la\u00a0<strong>activaci\u00f3n de la contingencia<\/strong>\u00a0coincide con la marcha en defensa del Instituto Nacional Electoral (<strong>INE<\/strong>) rumbo al Z\u00f3calo, que se realizar\u00e1 el pr\u00f3ximo domingo, Sheinbaum indic\u00f3 que no se trata de ning\u00fan asunto pol\u00edtico.<\/p>\n\n\n\n<blockquote class=\"wp-block-quote is-layout-flow wp-block-quote-is-layout-flow\"><p>&#8220;Ser\u00eda una irresponsabilidad, sea que por razones pol\u00edticas se dijera no hay contingencia o por que se dijera s\u00ed hay contingencia. Es un asunto absolutamente cient\u00edfico, que tiene datos, que se puede observar y que tiene que ver con normas&#8221; aclar\u00f3.<\/p><\/blockquote>\n\n\n\n<blockquote class=\"wp-block-quote is-layout-flow wp-block-quote-is-layout-flow\"><p>En conferencia de prensa, la jefa de Gobierno dijo que se mantiene en comunicaci\u00f3n con los organizadores de la marcha y que se dar\u00e1n todas las facilidades a quienes participen.<br>Sobre las acusaciones del cierre de las calles de Pino Suarez y 20 de noviembre, en el Centro, Sheinbaum indic\u00f3 que es &#8220;completamente falso&#8221;.<\/p><\/blockquote>\n\n\n\n<p>La Comisi\u00f3n Ambiental de la Megal\u00f3polis (CAMe) activ\u00f3 la Fase 1 de Contingencia Ambiental la tarde de este jueves 23 de febrero, luego de que se alcanzara una concentraci\u00f3n m\u00e1xima de ozono de 155 partes por bill\u00f3n (ppb) en la estaci\u00f3n de monitoreo Ajusco Medio, de la alcald\u00eda Tlalpan, Ciudad de M\u00e9xico.<\/p>\n\n\n\n<p>Por ello, este viernes est\u00e1 suspendida la circulaci\u00f3n para veh\u00edculos con holograma de verificaci\u00f3n 2; los hologramas 1 cuyo \u00faltimo d\u00edgito num\u00e9rico sea 0, 2, 4, 6, 8 y 9 as\u00ed como aquellos cuya matr\u00edcula est\u00e9 conformada s\u00f3lo por letras. Adem\u00e1s de los hologramas 0 y 00, engomado azul, terminaci\u00f3n de placa 9 y 0.<\/p>\n\n\n\n<p>Fuente: <em><a href=\"https:\/\/www.eluniversal.com.mx\/metropoli\/sheinbaum-contingencia-ambiental-no-tiene-nada-que-ver-con-un-asunto-politico\" data-type=\"URL\" data-id=\"https:\/\/www.eluniversal.com.mx\/metropoli\/sheinbaum-contingencia-ambiental-no-tiene-nada-que-ver-con-un-asunto-politico\">El Universal<\/a><\/em><\/p>\n","protected":false},"excerpt":{"rendered":"<p>La contingencia ambiental &#8220;no tiene nada que ver con un asunto pol\u00edtico, nunca ha tenido que ver (\u2026) es un asunto absolutamente cient\u00edfico&#8221;, afirm\u00f3 la jefa de Gobierno de la Ciudad de M\u00e9xico,&nbsp;Claudia Sheinbaum. Luego de que en redes sociales actores pol\u00edticos se\u00f1alaran que la\u00a0activaci\u00f3n de la contingencia\u00a0coincide con la marcha en defensa del Instituto [&hellip;]<\/p>\n","protected":false},"author":35,"featured_media":28611,"comment_status":"open","ping_status":"open","sticky":false,"template":"","format":"standard","meta":{"_monsterinsights_skip_tracking":false,"_monsterinsights_sitenote_active":false,"_monsterinsights_sitenote_note":"","_monsterinsights_sitenote_category":0,"footnotes":""},"categories":[158],"tags":[8181,23440,2801,3648],"class_list":["post-95681","post","type-post","status-publish","format-standard","has-post-thumbnail","hentry","category-politica","tag-ambiental","tag-asunto-politico","tag-claudia-sheinbaum","tag-contingencia","wp-image-borders"],"amp_enabled":true,"_links":{"self":[{"href":"https:\/\/nvnoticias.mx\/index.php\/wp-json\/wp\/v2\/posts\/95681","targetHints":{"allow":["GET"]}}],"collection":[{"href":"https:\/\/nvnoticias.mx\/index.php\/wp-json\/wp\/v2\/posts"}],"about":[{"href":"https:\/\/nvnoticias.mx\/index.php\/wp-json\/wp\/v2\/types\/post"}],"author":[{"embeddable":true,"href":"https:\/\/nvnoticias.mx\/index.php\/wp-json\/wp\/v2\/users\/35"}],"replies":[{"embeddable":true,"href":"https:\/\/nvnoticias.mx\/index.php\/wp-json\/wp\/v2\/comments?post=95681"}],"version-history":[{"count":1,"href":"https:\/\/nvnoticias.mx\/index.php\/wp-json\/wp\/v2\/posts\/95681\/revisions"}],"predecessor-version":[{"id":95682,"href":"https:\/\/nvnoticias.mx\/index.php\/wp-json\/wp\/v2\/posts\/95681\/revisions\/95682"}],"wp:featuredmedia":[{"embeddable":true,"href":"https:\/\/nvnoticias.mx\/index.php\/wp-json\/wp\/v2\/media\/28611"}],"wp:attachment":[{"href":"https:\/\/nvnoticias.mx\/index.php\/wp-json\/wp\/v2\/media?parent=95681"}],"wp:term":[{"taxonomy":"category","embeddable":true,"href":"https:\/\/nvnoticias.mx\/index.php\/wp-json\/wp\/v2\/categories?post=95681"},{"taxonomy":"post_tag","embeddable":true,"href":"https:\/\/nvnoticias.mx\/index.php\/wp-json\/wp\/v2\/tags?post=95681"}],"curies":[{"name":"wp","href":"https:\/\/api.w.org\/{rel}","templated":true}]}}