{"id":95654,"date":"2023-02-24T12:45:40","date_gmt":"2023-02-24T18:45:40","guid":{"rendered":"https:\/\/nvnoticias.mx\/?p=95654"},"modified":"2023-02-24T12:45:40","modified_gmt":"2023-02-24T18:45:40","slug":"anuncian-la-expo-emprendedoras-2023","status":"publish","type":"post","link":"https:\/\/nvnoticias.mx\/index.php\/2023\/02\/24\/anuncian-la-expo-emprendedoras-2023\/","title":{"rendered":"Anuncian la Expo Emprendedoras 2023"},"content":{"rendered":"\n<p><strong>Jes\u00fas Utrilla \/ NV Noticias<\/strong><\/p>\n\n\n\n<p>El domingo 26 de febrero se llevar\u00e1 a cabo la Expo Emprendedoras 2023 donde mujeres expondr\u00e1n diversos art\u00edculos en venta. Participar\u00e1 tambi\u00e9n el Asilo Cogra, para recaudar recursos a favor de los abuelitos albergados en el lugar.<\/p>\n\n\n\n<p>Sugey Angulo Barradas,&nbsp;&nbsp;del jard\u00edn de eventos Xa-amady, dijo que el evento es con la finalidad de dar a conocer productos y servicios de mujeres porte\u00f1as que han decidido organizarse para generar&nbsp;&nbsp;mejores condiciones y oportunidades en calidad, conocimiento, crecimiento laboral y econ\u00f3mico.<\/p>\n\n\n\n<blockquote class=\"wp-block-quote is-layout-flow wp-block-quote-is-layout-flow\"><p>\u201c<em>Habr\u00e1 varias emprendedoras, es para las madres de la zona norte que requieren espacios para hacer sus ventas. Estamos en Epigmenio Guzm\u00e1n, Lote 20, Manzana 2, en la Reserva Tarimoya<\/em>\u201d.<\/p><\/blockquote>\n\n\n\n<p>Ser\u00e1n 20 mujeres las que participen con ropa de bazar, joyer\u00eda, alimentos, art\u00edculos de belleza, entre otros.<\/p>\n\n\n\n<p>El Asilo Cogra llevar\u00e1 art\u00edculos que pondr\u00e1 en venta para acopiar recursos que ayuden a las personas de la tercera edad que se encuentran albergadas en el lugar.<\/p>\n\n\n\n<blockquote class=\"wp-block-quote is-layout-flow wp-block-quote-is-layout-flow\"><p>\u201c<em>Muchas mujeres amas de casa fueron golpeadas econ\u00f3micamente en pandemia, por eso esperamos que las mam\u00e1s salgan adelante de toda esta situaci\u00f3n<\/em>\u201d.\u00a0<\/p><\/blockquote>\n\n\n\n<p>Invitaron a los porte\u00f1os a acudir al evento que&nbsp;&nbsp;se llevar\u00e1 a cabo este fin de semana para apoyar al asilo mencionado y tambi\u00e9n a las mujeres que participar\u00e1n.<\/p>\n","protected":false},"excerpt":{"rendered":"<p>Jes\u00fas Utrilla \/ NV Noticias El domingo 26 de febrero se llevar\u00e1 a cabo la Expo Emprendedoras 2023 donde mujeres expondr\u00e1n diversos art\u00edculos en venta. Participar\u00e1 tambi\u00e9n el Asilo Cogra, para recaudar recursos a favor de los abuelitos albergados en el lugar. Sugey Angulo Barradas,&nbsp;&nbsp;del jard\u00edn de eventos Xa-amady, dijo que el evento es con [&hellip;]<\/p>\n","protected":false},"author":8,"featured_media":95655,"comment_status":"open","ping_status":"open","sticky":false,"template":"","format":"standard","meta":{"_monsterinsights_skip_tracking":false,"_monsterinsights_sitenote_active":false,"_monsterinsights_sitenote_note":"","_monsterinsights_sitenote_category":0,"footnotes":""},"categories":[154],"tags":[23436],"class_list":["post-95654","post","type-post","status-publish","format-standard","has-post-thumbnail","hentry","category-veracruz","tag-expo-emprendedoras-2023","wp-image-borders"],"amp_enabled":true,"_links":{"self":[{"href":"https:\/\/nvnoticias.mx\/index.php\/wp-json\/wp\/v2\/posts\/95654","targetHints":{"allow":["GET"]}}],"collection":[{"href":"https:\/\/nvnoticias.mx\/index.php\/wp-json\/wp\/v2\/posts"}],"about":[{"href":"https:\/\/nvnoticias.mx\/index.php\/wp-json\/wp\/v2\/types\/post"}],"author":[{"embeddable":true,"href":"https:\/\/nvnoticias.mx\/index.php\/wp-json\/wp\/v2\/users\/8"}],"replies":[{"embeddable":true,"href":"https:\/\/nvnoticias.mx\/index.php\/wp-json\/wp\/v2\/comments?post=95654"}],"version-history":[{"count":1,"href":"https:\/\/nvnoticias.mx\/index.php\/wp-json\/wp\/v2\/posts\/95654\/revisions"}],"predecessor-version":[{"id":95656,"href":"https:\/\/nvnoticias.mx\/index.php\/wp-json\/wp\/v2\/posts\/95654\/revisions\/95656"}],"wp:featuredmedia":[{"embeddable":true,"href":"https:\/\/nvnoticias.mx\/index.php\/wp-json\/wp\/v2\/media\/95655"}],"wp:attachment":[{"href":"https:\/\/nvnoticias.mx\/index.php\/wp-json\/wp\/v2\/media?parent=95654"}],"wp:term":[{"taxonomy":"category","embeddable":true,"href":"https:\/\/nvnoticias.mx\/index.php\/wp-json\/wp\/v2\/categories?post=95654"},{"taxonomy":"post_tag","embeddable":true,"href":"https:\/\/nvnoticias.mx\/index.php\/wp-json\/wp\/v2\/tags?post=95654"}],"curies":[{"name":"wp","href":"https:\/\/api.w.org\/{rel}","templated":true}]}}