{"id":95591,"date":"2023-02-24T10:32:35","date_gmt":"2023-02-24T16:32:35","guid":{"rendered":"https:\/\/nvnoticias.mx\/?p=95591"},"modified":"2023-02-24T10:32:36","modified_gmt":"2023-02-24T16:32:36","slug":"sugiere-amlo-al-pan-indagar-a-fox-y-calderon","status":"publish","type":"post","link":"https:\/\/nvnoticias.mx\/index.php\/2023\/02\/24\/sugiere-amlo-al-pan-indagar-a-fox-y-calderon\/","title":{"rendered":"Sugiere AMLO al PAN indagar a Fox y Calder\u00f3n"},"content":{"rendered":"\n<p>Aunque Genaro Garc\u00eda Luna no fuera militante del Partido Acci\u00f3n Nacional (PAN), sus jefes, los expresidentes Vicente Fox y Felipe Calder\u00f3n, s\u00ed eran panistas, por lo que dicho partido deber\u00eda exigir una explicaci\u00f3n a los exmandatarios y a su vez una investigaci\u00f3n a fondo para conocer su relaci\u00f3n con el exsecretario de Seguridad P\u00fablica, se\u00f1al\u00f3 Andr\u00e9s Manuel L\u00f3pez Obrador este viernes.<\/p>\n\n\n\n<p>En conferencia de prensa desde Palacio Nacional, el presidente de la Rep\u00fablica afirm\u00f3 que el Ejecutivo federal debe responder por los colaboradores a quienes designa en diversas a\u00e9reas del gobierno como la de seguridad p\u00fablica.<\/p>\n\n\n\n<blockquote class=\"wp-block-quote is-layout-flow wp-block-quote-is-layout-flow\"><p>\u201cCelebro que despu\u00e9s de un tiempo, porque se quedaron como pasmados, ya empezaron a manifestarse los dirigentes del PAN; si es militante o no Garc\u00eda Luna eso no es lo fundamental, lo fundamental es que fue hombre clave para enfrentar a la delincuencia y se asoci\u00f3 a la delincuencia con Fox, que si era militante del PAN o s\u00f3lo que ya no sea Fox militante del PAN.<\/p><\/blockquote>\n\n\n\n<blockquote class=\"wp-block-quote is-layout-flow wp-block-quote-is-layout-flow\"><p>\u201cY fue secretario de Seguridad P\u00fablica de Calder\u00f3n y de acuerdo a la Constituci\u00f3n, las leyes, el titular del Ejecutivo nombra a sus secretarios, depende el presidente, y Calder\u00f3n tambi\u00e9n lleg\u00f3 al gobierno impulsado por el PAN, pero entiendo que es una situaci\u00f3n dif\u00edcil para ellos y que tambi\u00e9n es una oportunidad\u201d, consider\u00f3.<\/p><\/blockquote>\n\n\n\n<p>-\u00bfEs posible que el PAN se desmarcarque?<\/p>\n\n\n\n<p>-No se puede, c\u00f3mo, tendr\u00edan que pedir la investigaci\u00f3n a fondo y que se profundice y pedir a Garc\u00eda Luna que informe como era su relaci\u00f3n con Fox y Calder\u00f3n, sostuvo el mandatario federal.<\/p>\n\n\n\n<p>Ayer, despu\u00e9s de m\u00e1s un mes de silencio desde que comenz\u00f3 el juicio y se le dict\u00f3 sentencia de culpabilidad a Garc\u00eda Luna, el PAN se\u00f1al\u00f3 que el exfuncionario nunca form\u00f3 parte de su militancia.<\/p>\n\n\n\n<p>El presidente del PAN, Marko Cort\u00e9s, coment\u00f3 que de forma \u201ctramposa y perversa\u201d, Morena busca identificar al exsecretario de Seguridad P\u00fablica con los panistas, por lo que reiter\u00f3 que Garc\u00eda Luna nunca estuvo en las filas de su partido.<\/p>\n\n\n\n<p>Al respecto, el tabasque\u00f1o sugiri\u00f3 al exfuncionario acogerse como testigo protegido en Estados Unidos y se\u00f1ale con quienes trabajo en el gobierno federal al servicio de las bandas del narcotr\u00e1fico.<\/p>\n\n\n\n<p>\u201cTodav\u00eda hay tiempo para que Garc\u00eda Luna act\u00fae como testigo protegido, no s\u00f3lo porque puede lograr que le disminuyan el tiempo de estancia en la c\u00e1rcel sino su contribuci\u00f3n para sanear la vida p\u00fablica de M\u00e9xico\u201d, dijo L\u00f3pez Obrador.<\/p>\n\n\n\n<p>Garc\u00eda Luna, de 54 a\u00f1os de edad, fue acusado de 5 delitos: participar en la direcci\u00f3n de una empresa criminal cuya actividad contin\u00faa hasta la actualidad, conspiraci\u00f3n para la distribuci\u00f3n de 5 kilogramos o m\u00e1s de coca\u00edna, conspiraci\u00f3n para la distribuci\u00f3n y posesi\u00f3n de 5 kilogramos o m\u00e1s de coca\u00edna con la intenci\u00f3n de distribuirla en Estados Unidos y conspiraci\u00f3n para la importaci\u00f3n de la misma cantidad o m\u00e1s.<\/p>\n\n\n\n<p>Fuente: <a href=\"https:\/\/www.forbes.com.mx\/garcia-luna-tenia-jefes-panistas-amlo-sugiere-al-pan-indagar-a-fox-y-calderon\/\" data-type=\"URL\" data-id=\"https:\/\/www.forbes.com.mx\/garcia-luna-tenia-jefes-panistas-amlo-sugiere-al-pan-indagar-a-fox-y-calderon\/\">Forbes<\/a><\/p>\n","protected":false},"excerpt":{"rendered":"<p>Aunque Genaro Garc\u00eda Luna no fuera militante del Partido Acci\u00f3n Nacional (PAN), sus jefes, los expresidentes Vicente Fox y Felipe Calder\u00f3n, s\u00ed eran panistas, por lo que dicho partido deber\u00eda exigir una explicaci\u00f3n a los exmandatarios y a su vez una investigaci\u00f3n a fondo para conocer su relaci\u00f3n con el exsecretario de Seguridad P\u00fablica, se\u00f1al\u00f3 [&hellip;]<\/p>\n","protected":false},"author":35,"featured_media":92226,"comment_status":"open","ping_status":"open","sticky":false,"template":"","format":"standard","meta":{"_monsterinsights_skip_tracking":false,"_monsterinsights_sitenote_active":false,"_monsterinsights_sitenote_note":"","_monsterinsights_sitenote_category":0,"footnotes":""},"categories":[158],"tags":[188,13543,23429,284,13584,2130],"class_list":["post-95591","post","type-post","status-publish","format-standard","has-post-thumbnail","hentry","category-politica","tag-amlo","tag-felipe-calderon","tag-indagar","tag-pan","tag-sugiere","tag-vicente-fox","wp-image-borders"],"amp_enabled":true,"_links":{"self":[{"href":"https:\/\/nvnoticias.mx\/index.php\/wp-json\/wp\/v2\/posts\/95591","targetHints":{"allow":["GET"]}}],"collection":[{"href":"https:\/\/nvnoticias.mx\/index.php\/wp-json\/wp\/v2\/posts"}],"about":[{"href":"https:\/\/nvnoticias.mx\/index.php\/wp-json\/wp\/v2\/types\/post"}],"author":[{"embeddable":true,"href":"https:\/\/nvnoticias.mx\/index.php\/wp-json\/wp\/v2\/users\/35"}],"replies":[{"embeddable":true,"href":"https:\/\/nvnoticias.mx\/index.php\/wp-json\/wp\/v2\/comments?post=95591"}],"version-history":[{"count":4,"href":"https:\/\/nvnoticias.mx\/index.php\/wp-json\/wp\/v2\/posts\/95591\/revisions"}],"predecessor-version":[{"id":95596,"href":"https:\/\/nvnoticias.mx\/index.php\/wp-json\/wp\/v2\/posts\/95591\/revisions\/95596"}],"wp:featuredmedia":[{"embeddable":true,"href":"https:\/\/nvnoticias.mx\/index.php\/wp-json\/wp\/v2\/media\/92226"}],"wp:attachment":[{"href":"https:\/\/nvnoticias.mx\/index.php\/wp-json\/wp\/v2\/media?parent=95591"}],"wp:term":[{"taxonomy":"category","embeddable":true,"href":"https:\/\/nvnoticias.mx\/index.php\/wp-json\/wp\/v2\/categories?post=95591"},{"taxonomy":"post_tag","embeddable":true,"href":"https:\/\/nvnoticias.mx\/index.php\/wp-json\/wp\/v2\/tags?post=95591"}],"curies":[{"name":"wp","href":"https:\/\/api.w.org\/{rel}","templated":true}]}}