{"id":95537,"date":"2023-02-23T15:05:51","date_gmt":"2023-02-23T21:05:51","guid":{"rendered":"https:\/\/nvnoticias.mx\/?p=95537"},"modified":"2023-02-23T15:05:52","modified_gmt":"2023-02-23T21:05:52","slug":"hacer-justicia","status":"publish","type":"post","link":"https:\/\/nvnoticias.mx\/index.php\/2023\/02\/23\/hacer-justicia\/","title":{"rendered":"Hacer justicia"},"content":{"rendered":"\n<p><strong>Juan Jos\u00e9 Rodr\u00edguez Prats<\/strong><\/p>\n\n\n\n<blockquote class=\"wp-block-quote is-layout-flow wp-block-quote-is-layout-flow\"><p><em>La lucha por el derecho es la poes\u00eda del car\u00e1cter.<\/em><\/p><cite><strong>Rudolph von Ihering<\/strong><\/cite><\/blockquote>\n\n\n\n<p>Es dif\u00edcil encontrar alg\u00fan periodo de nuestra historia en que el ordenamiento jur\u00eddico haya estado tan resquebrajado como en nuestros d\u00edas. No estoy afirmando que sea algo novedoso, siempre ha habido denuncias por la inobservancia de las normas. Jes\u00fas Reyes Heroles insist\u00eda en el \u201crelajamiento\u201d de la ley, tanto en su elaboraci\u00f3n como en los procesos de su aplicaci\u00f3n. Pero ni en el Porfiriato, que cont\u00f3 con buenos juristas como integrantes del Poder Judicial, ni en el largo periodo del pr\u00edato ni en los breves tiempos del PAN se dieron en el poder los esc\u00e1ndalos que cotidianamente sacuden hoy a nuestra opini\u00f3n p\u00fablica.<\/p>\n\n\n\n<p>\u00bfCu\u00e1ndo hab\u00edamos visto que los m\u00e1s relevantes delincuentes del crimen organizado fueran juzgados en otra naci\u00f3n y que desde all\u00e1 nos informaran de la brutal descomposici\u00f3n de los aparatos encargados de administrar justicia? \u00bfRecuerda usted alg\u00fan ministro de la Corte ampar\u00e1ndose para que una Comisi\u00f3n de \u00c9tica de una instituci\u00f3n aut\u00f3noma no emita opiniones sobre su caso? \u00bfHay antecedentes de una queja del Ejecutivo federal porque algunas de sus propuestas para formar parte del m\u00e1ximo tribunal de justicia voten sentencias contrarias a su gobierno? \u00bfHab\u00edamos registrado las enormes cifras actuales de delitos cometidos y que est\u00e1n impunes? \u00bfSe utiliz\u00f3 esta aberraci\u00f3n legislativa en alguna ocasi\u00f3n, de que al no tener las condiciones para modificar nuestra carta magna se reformen leyes secundarias para deteriorar el desempe\u00f1o de \u00f3rganos constitucionales aut\u00f3nomos? \u00bfHa existido alg\u00fan caso de la postulaci\u00f3n de un(a) delincuente electoral al cargo de titular del Ejecutivo de un estado? \u00bfHab\u00edamos escuchado a alg\u00fan funcionario de cualquier nivel de gobierno declarar con el mayor desparpajo \u201cno me vengan con el cuento de que la ley es la ley\u201d? \u00bfNuestras prisiones hab\u00edan albergado tantos reclusos en infrahumanas condiciones como los que hoy purgan ah\u00ed sus sentencias? \u00bfHemos tenido la cantidad de asuntos pendientes de resoluci\u00f3n que hoy alcanzan cifras descomunales? \u00bfEn alg\u00fan momento hemos padecido el grado de incertidumbre y falta de certeza, como ahora, que son los enemigos por antonomasia de la gobernabilidad?<\/p>\n\n\n\n<p>En fin, podr\u00edamos continuar con esta deprimente lista de fallas y desatinos que ya han se\u00f1alado organismos internacionales y que miden la calidad de los sistemas pol\u00edticos, as\u00ed como de los correspondientes \u00edndices de corrupci\u00f3n.<\/p>\n\n\n\n<p>El primer deber de un Estado es impartir justicia. En eso se ha sustentado lo que se ha denominado \u201ccontrato social\u201d. \u00bfQu\u00e9 es la justicia? En algunas reflexiones, Arist\u00f3teles la defin\u00eda como \u201cel trato igual a los iguales y desigual a los desiguales\u201d. Desde entonces se distingu\u00eda la justicia distributiva y conmutativa. En su\u00a0<em>Diccionario Filos\u00f3fico,<\/em>\u00a0Andr\u00e9 Lalande expresa: \u201cLa primera, ejercida mediante autoridad, consiste en la repartici\u00f3n de los bienes y de los males seg\u00fan el m\u00e9rito de las personas. La justicia conmutativa, por lo contrario, consiste en la igualdad de las cosas cambiadas, en la equivalencia de las obligaciones y de las cargas estipuladas en los contratos\u201d.<\/p>\n\n\n\n<p>El gran jurista romano Ulpiano (\u00bf170?-228) se\u00f1alaba los tres principios de la justicia: No da\u00f1ar los derechos de los otros; vivir honestamente y darle a cada quien lo suyo. Montesquieu (1689-1755) hablaba de la alteridad como \u201cel principio filos\u00f3fico de alternar o cambiar la propia perspectiva por la del otro, considerando y teniendo en cuenta el punto de vista, la concepci\u00f3n del mundo, los intereses, la ideolog\u00eda del otro, y no dando, por supuesto, que la de uno es la \u00fanica posible. La alteridad es la ruptura de la mismidad y el suceso de ser otro\u201d. Por \u00faltimo, para san Agust\u00edn (354-430): \u201cEl Estado es un producto del ego\u00edsmo y su fundador es Ca\u00edn, el fratricida\u201d.<\/p>\n\n\n\n<p>En resumen, el Estado de derecho se concibe para evitar males m\u00e1s que para hacer bienes. Sin \u00e9l, no hay democracia liberal ni econom\u00eda de mercado. He ah\u00ed la tarea.<\/p>\n","protected":false},"excerpt":{"rendered":"<p>Juan Jos\u00e9 Rodr\u00edguez Prats La lucha por el derecho es la poes\u00eda del car\u00e1cter. Rudolph von Ihering Es dif\u00edcil encontrar alg\u00fan periodo de nuestra historia en que el ordenamiento jur\u00eddico haya estado tan resquebrajado como en nuestros d\u00edas. No estoy afirmando que sea algo novedoso, siempre ha habido denuncias por la inobservancia de las normas. [&hellip;]<\/p>\n","protected":false},"author":17,"featured_media":72038,"comment_status":"open","ping_status":"open","sticky":false,"template":"","format":"standard","meta":{"_monsterinsights_skip_tracking":false,"_monsterinsights_sitenote_active":false,"_monsterinsights_sitenote_note":"","_monsterinsights_sitenote_category":0,"footnotes":""},"categories":[614],"tags":[397],"class_list":["post-95537","post","type-post","status-publish","format-standard","has-post-thumbnail","hentry","category-politica-de-principios","tag-juan-jose-rodriguez-prats-2","wp-image-borders"],"amp_enabled":true,"_links":{"self":[{"href":"https:\/\/nvnoticias.mx\/index.php\/wp-json\/wp\/v2\/posts\/95537","targetHints":{"allow":["GET"]}}],"collection":[{"href":"https:\/\/nvnoticias.mx\/index.php\/wp-json\/wp\/v2\/posts"}],"about":[{"href":"https:\/\/nvnoticias.mx\/index.php\/wp-json\/wp\/v2\/types\/post"}],"author":[{"embeddable":true,"href":"https:\/\/nvnoticias.mx\/index.php\/wp-json\/wp\/v2\/users\/17"}],"replies":[{"embeddable":true,"href":"https:\/\/nvnoticias.mx\/index.php\/wp-json\/wp\/v2\/comments?post=95537"}],"version-history":[{"count":1,"href":"https:\/\/nvnoticias.mx\/index.php\/wp-json\/wp\/v2\/posts\/95537\/revisions"}],"predecessor-version":[{"id":95538,"href":"https:\/\/nvnoticias.mx\/index.php\/wp-json\/wp\/v2\/posts\/95537\/revisions\/95538"}],"wp:featuredmedia":[{"embeddable":true,"href":"https:\/\/nvnoticias.mx\/index.php\/wp-json\/wp\/v2\/media\/72038"}],"wp:attachment":[{"href":"https:\/\/nvnoticias.mx\/index.php\/wp-json\/wp\/v2\/media?parent=95537"}],"wp:term":[{"taxonomy":"category","embeddable":true,"href":"https:\/\/nvnoticias.mx\/index.php\/wp-json\/wp\/v2\/categories?post=95537"},{"taxonomy":"post_tag","embeddable":true,"href":"https:\/\/nvnoticias.mx\/index.php\/wp-json\/wp\/v2\/tags?post=95537"}],"curies":[{"name":"wp","href":"https:\/\/api.w.org\/{rel}","templated":true}]}}