{"id":95534,"date":"2023-02-23T14:55:56","date_gmt":"2023-02-23T20:55:56","guid":{"rendered":"https:\/\/nvnoticias.mx\/?p=95534"},"modified":"2023-02-23T14:55:57","modified_gmt":"2023-02-23T20:55:57","slug":"el-corredor-interoceanico-del-istmo-de-tehuantepec-seria-buena-zona-para-tesla-exsome-zapata","status":"publish","type":"post","link":"https:\/\/nvnoticias.mx\/index.php\/2023\/02\/23\/el-corredor-interoceanico-del-istmo-de-tehuantepec-seria-buena-zona-para-tesla-exsome-zapata\/","title":{"rendered":"El Corredor Interoce\u00e1nico del Istmo de Tehuantepec ser\u00eda buena zona para Tesla: Exsome Zapata"},"content":{"rendered":"\n<p>\u00a0<strong>Jes\u00fas Utrilla \/ NV Noticias<\/strong><\/p>\n\n\n\n<p>El Corredor Interoce\u00e1nico del Istmo de Tehuantepec podr\u00eda ser id\u00f3neo para la instalaci\u00f3n de Tesla, consider\u00f3&nbsp;Luis Exsome Zapata, presidente del Consejo Coordinador Empresarial.&nbsp;<\/p>\n\n\n\n<p>Se\u00f1al\u00f3 que sin importar el municipio veracruzano donde pudiera instalarse beneficiar\u00e1 con la creaci\u00f3n de fuentes de empleo, sin embargo, son cinco estados buscan la inversi\u00f3n.<\/p>\n\n\n\n<p>Por ello las autoridades deben gestionar para que la f\u00e1brica llegue a alguna ciudad de la entidad, ya que se cuenta con mano de obra capacitada y los suficientes recursos naturales para su operaci\u00f3n.<\/p>\n\n\n\n<blockquote class=\"wp-block-quote is-layout-flow wp-block-quote-is-layout-flow\"><p>&#8220;<em>Nosotros estar\u00edamos muy ilusionados en que viniera y se estableciera Tesla aqu\u00ed por la inversi\u00f3n que representa. Veracruz es el puerto donde hay mayor movimiento de autom\u00f3viles por exportaci\u00f3n, pero tambi\u00e9n hay que ser conscientes de que Coahuila y Nuevo Le\u00f3n podr\u00eda tener la delantera por ser frontera, que mejor que se estableciera en el estado y que mejor que se establezca aqu\u00ed en el puerto<\/em>&#8220;.\u00a0<\/p><\/blockquote>\n\n\n\n<p>Reiter\u00f3 que contribuir\u00e1 a la detonaci\u00f3n econ\u00f3mica porque se necesitar\u00e1 cadena de proveedur\u00eda y a la par se generar\u00e1n nuevos empleos.<\/p>\n\n\n\n<blockquote class=\"wp-block-quote is-layout-flow wp-block-quote-is-layout-flow\"><p>&#8220;<em>La cercan\u00eda con Puebla ser\u00eda otro factor importante, ya que algunos proveedores que ya existen en la industria automotriz \u00a0pudieran ofrecer sus servicios a Tesla, hay muchos temas que pudieran ser cierta sinergia que nos beneficiar\u00eda mucho como ciudad y como estado<\/em>&#8220;.\u00a0<\/p><\/blockquote>\n\n\n\n<p>Empresarios del Consejo Coordinador Empresarial se reunieron con el delegado Federal en Veracruz de Programas para el Desarrollo del Bienestar, Manuel Huerta Ladr\u00f3n de Guevara, para conocer la evoluci\u00f3n de los programas sociales y los diversos apoyos que brinda el Gobierno Federal.&nbsp;<\/p>\n","protected":false},"excerpt":{"rendered":"<p>\u00a0Jes\u00fas Utrilla \/ NV Noticias El Corredor Interoce\u00e1nico del Istmo de Tehuantepec podr\u00eda ser id\u00f3neo para la instalaci\u00f3n de Tesla, consider\u00f3&nbsp;Luis Exsome Zapata, presidente del Consejo Coordinador Empresarial.&nbsp; Se\u00f1al\u00f3 que sin importar el municipio veracruzano donde pudiera instalarse beneficiar\u00e1 con la creaci\u00f3n de fuentes de empleo, sin embargo, son cinco estados buscan la inversi\u00f3n. Por [&hellip;]<\/p>\n","protected":false},"author":8,"featured_media":95535,"comment_status":"open","ping_status":"open","sticky":false,"template":"","format":"standard","meta":{"_monsterinsights_skip_tracking":false,"_monsterinsights_sitenote_active":false,"_monsterinsights_sitenote_note":"","_monsterinsights_sitenote_category":0,"footnotes":""},"categories":[154],"tags":[4779,4041,280],"class_list":["post-95534","post","type-post","status-publish","format-standard","has-post-thumbnail","hentry","category-veracruz","tag-corredor-interoceanico-del-istmo-de-tehuantepec","tag-luis-exsome","tag-tesla","wp-image-borders"],"amp_enabled":true,"_links":{"self":[{"href":"https:\/\/nvnoticias.mx\/index.php\/wp-json\/wp\/v2\/posts\/95534","targetHints":{"allow":["GET"]}}],"collection":[{"href":"https:\/\/nvnoticias.mx\/index.php\/wp-json\/wp\/v2\/posts"}],"about":[{"href":"https:\/\/nvnoticias.mx\/index.php\/wp-json\/wp\/v2\/types\/post"}],"author":[{"embeddable":true,"href":"https:\/\/nvnoticias.mx\/index.php\/wp-json\/wp\/v2\/users\/8"}],"replies":[{"embeddable":true,"href":"https:\/\/nvnoticias.mx\/index.php\/wp-json\/wp\/v2\/comments?post=95534"}],"version-history":[{"count":1,"href":"https:\/\/nvnoticias.mx\/index.php\/wp-json\/wp\/v2\/posts\/95534\/revisions"}],"predecessor-version":[{"id":95536,"href":"https:\/\/nvnoticias.mx\/index.php\/wp-json\/wp\/v2\/posts\/95534\/revisions\/95536"}],"wp:featuredmedia":[{"embeddable":true,"href":"https:\/\/nvnoticias.mx\/index.php\/wp-json\/wp\/v2\/media\/95535"}],"wp:attachment":[{"href":"https:\/\/nvnoticias.mx\/index.php\/wp-json\/wp\/v2\/media?parent=95534"}],"wp:term":[{"taxonomy":"category","embeddable":true,"href":"https:\/\/nvnoticias.mx\/index.php\/wp-json\/wp\/v2\/categories?post=95534"},{"taxonomy":"post_tag","embeddable":true,"href":"https:\/\/nvnoticias.mx\/index.php\/wp-json\/wp\/v2\/tags?post=95534"}],"curies":[{"name":"wp","href":"https:\/\/api.w.org\/{rel}","templated":true}]}}