{"id":95531,"date":"2023-02-23T14:48:09","date_gmt":"2023-02-23T20:48:09","guid":{"rendered":"https:\/\/nvnoticias.mx\/?p=95531"},"modified":"2023-02-23T14:49:53","modified_gmt":"2023-02-23T20:49:53","slug":"anuncian-vacunacion-para-ninos-de-5-a-11-anos-de-edad","status":"publish","type":"post","link":"https:\/\/nvnoticias.mx\/index.php\/2023\/02\/23\/anuncian-vacunacion-para-ninos-de-5-a-11-anos-de-edad\/","title":{"rendered":"Anuncian vacunaci\u00f3n para ni\u00f1os de 5 a 11 a\u00f1os de edad"},"content":{"rendered":"\n<p><strong>Jes\u00fas Utrilla \/ NV Noticias<\/strong><\/p>\n\n\n\n<p>El 25 de febrero aplicar\u00e1n vacunas contra el Covid a ni\u00f1os de 5 a 11 a\u00f1os de edad en Veracruz, Boca del R\u00edo, Medell\u00edn y Alvarado y en Xalapa vacunar\u00e1n a los infantes&nbsp;&nbsp;el 24 de febrero. En ambos casos ser\u00e1 el biol\u00f3gico Pfizer, inform\u00f3 el delegado de programas del bienestar, Manuel Huerta Ladr\u00f3n de Guevara.<\/p>\n\n\n\n<p>Se aplicar\u00e1n las primeras y segundas dosis de la vacuna pedi\u00e1trica en los centros de salud. La Secretar\u00eda de Educaci\u00f3n de Veracruz contribuir\u00e1 informando en los planteles educativos.<\/p>\n\n\n\n<blockquote class=\"wp-block-quote is-layout-flow wp-block-quote-is-layout-flow\"><p>\u201c<em>El 24 y 25 vamos a estar vacunando Pfizer pedi\u00e1trica. Ser\u00e1n dos d\u00edas en principio, en los centros de salud. En Xalapa ser\u00e1 el 24 y en Veracruz, Boca del R\u00edo, Medell\u00edn y Alvarado ser\u00e1 el 25 de febrero<\/em>\u201d.<\/p><\/blockquote>\n\n\n\n<p>Por otro lado coment\u00f3 que el Banco del Bienestar ampliar\u00e1 sus cajeros hasta que se normalice la producci\u00f3n de chips.<\/p>\n\n\n\n<p>Afirm\u00f3 que se atender\u00e1 a todos los usuarios, aunque las filas en Veracruz llegaron en d\u00edas pasados desde Independencia hasta Zaragoza. El delegado se\u00f1al\u00f3 que antes de julio se abrir\u00e1n m\u00e1s sucursales bancarias que permitir\u00e1n desahogar las largas filas de la ciudad porte\u00f1a.<\/p>\n\n\n\n<blockquote class=\"wp-block-quote is-layout-flow wp-block-quote-is-layout-flow\"><p>\u201c<em>Los estamos atendiendo, vamos a estar m\u00e1s pegados a ellos recorriendo los bancos del bienestar y estamos mejorando. En Xalapa llegaron a sacar su tarjeta y acudimos y les pedimos ir a otro lugar y los atendimos de manera directa. Estamos en etapa de ajustar el funcionamiento del banco y no se hace de la noche a la ma\u00f1ana. No podemos decir que vamos a ir a Corea a comprar una maquina de chips<\/em>\u201d.<\/p><\/blockquote>\n\n\n\n<p>Abrir\u00e1n nuevas sucursales del bienestar, de 252 ya concluyeron 180, cerca de 68 est\u00e1n avanzando en su ejecuci\u00f3n t cuatro est\u00e1n por iniciar su construcci\u00f3n.<\/p>\n","protected":false},"excerpt":{"rendered":"<p>Jes\u00fas Utrilla \/ NV Noticias El 25 de febrero aplicar\u00e1n vacunas contra el Covid a ni\u00f1os de 5 a 11 a\u00f1os de edad en Veracruz, Boca del R\u00edo, Medell\u00edn y Alvarado y en Xalapa vacunar\u00e1n a los infantes&nbsp;&nbsp;el 24 de febrero. En ambos casos ser\u00e1 el biol\u00f3gico Pfizer, inform\u00f3 el delegado de programas del bienestar, [&hellip;]<\/p>\n","protected":false},"author":8,"featured_media":95533,"comment_status":"open","ping_status":"open","sticky":false,"template":"","format":"standard","meta":{"_monsterinsights_skip_tracking":false,"_monsterinsights_sitenote_active":false,"_monsterinsights_sitenote_note":"","_monsterinsights_sitenote_category":0,"footnotes":""},"categories":[154],"tags":[340,809],"class_list":["post-95531","post","type-post","status-publish","format-standard","has-post-thumbnail","hentry","category-veracruz","tag-pfizer","tag-vacunacion","wp-image-borders"],"amp_enabled":true,"_links":{"self":[{"href":"https:\/\/nvnoticias.mx\/index.php\/wp-json\/wp\/v2\/posts\/95531","targetHints":{"allow":["GET"]}}],"collection":[{"href":"https:\/\/nvnoticias.mx\/index.php\/wp-json\/wp\/v2\/posts"}],"about":[{"href":"https:\/\/nvnoticias.mx\/index.php\/wp-json\/wp\/v2\/types\/post"}],"author":[{"embeddable":true,"href":"https:\/\/nvnoticias.mx\/index.php\/wp-json\/wp\/v2\/users\/8"}],"replies":[{"embeddable":true,"href":"https:\/\/nvnoticias.mx\/index.php\/wp-json\/wp\/v2\/comments?post=95531"}],"version-history":[{"count":1,"href":"https:\/\/nvnoticias.mx\/index.php\/wp-json\/wp\/v2\/posts\/95531\/revisions"}],"predecessor-version":[{"id":95532,"href":"https:\/\/nvnoticias.mx\/index.php\/wp-json\/wp\/v2\/posts\/95531\/revisions\/95532"}],"wp:featuredmedia":[{"embeddable":true,"href":"https:\/\/nvnoticias.mx\/index.php\/wp-json\/wp\/v2\/media\/95533"}],"wp:attachment":[{"href":"https:\/\/nvnoticias.mx\/index.php\/wp-json\/wp\/v2\/media?parent=95531"}],"wp:term":[{"taxonomy":"category","embeddable":true,"href":"https:\/\/nvnoticias.mx\/index.php\/wp-json\/wp\/v2\/categories?post=95531"},{"taxonomy":"post_tag","embeddable":true,"href":"https:\/\/nvnoticias.mx\/index.php\/wp-json\/wp\/v2\/tags?post=95531"}],"curies":[{"name":"wp","href":"https:\/\/api.w.org\/{rel}","templated":true}]}}