{"id":95504,"date":"2023-02-23T12:51:21","date_gmt":"2023-02-23T18:51:21","guid":{"rendered":"https:\/\/nvnoticias.mx\/?p=95504"},"modified":"2023-02-23T12:51:22","modified_gmt":"2023-02-23T18:51:22","slug":"jaime-de-la-garza-pide-cambios-en-materia-de-seguridad-y-propone-fondo-para-la-seguridad-municipal","status":"publish","type":"post","link":"https:\/\/nvnoticias.mx\/index.php\/2023\/02\/23\/jaime-de-la-garza-pide-cambios-en-materia-de-seguridad-y-propone-fondo-para-la-seguridad-municipal\/","title":{"rendered":"Jaime de la Garza pide cambios en materia de seguridad y propone Fondo para la Seguridad Municipal"},"content":{"rendered":"\n<p>\u00a0<strong>Jes\u00fas Utrilla \/ NV Noticias<\/strong><\/p>\n\n\n\n<p>Ante el hallazgo de la nueva fosa clandestina y los hechos de inseguridad en la entidad, el diputado local del Partido Acci\u00f3n Nacional, Jaime de la Garza Mart\u00ednez, exigi\u00f3 al gobierno estatal cumplir con la tarea de seguridad en Veracruz y anunci\u00f3 que presentar\u00e1 una nueva iniciativa para lograr otro Fondo para la Seguridad Municipal.<\/p>\n\n\n\n<p>Record\u00f3 que durante las \u00faltimas semanas Veracruz ha vivido situaciones de violencia, secuestros, y homicidios dolosos pero adem\u00e1s este jueves fue encontrada una nueva fosa clandestina en un fraccionamiento de la ciudad de Veracruz.<\/p>\n\n\n\n<p>Por ello urgi\u00f3 la uni\u00f3n entre legisladores, ciudadanos y empresarios para presionar al Gobierno Estatal a modificar la estrategia de seguridad fallida que han llevado a cabo hasta el momento.<\/p>\n\n\n\n<p>Acus\u00f3 a los diputados de mayor\u00eda de Morena que en meses anteriores desecharon su iniciativa para crear el Fondo Estatal para el Fortalecimiento de la Seguridad P\u00fablica Municipal por ser \u201cinviable\u201d; sin embargo, se analiz\u00f3 la viabilidad de dicho fondo, el cual podr\u00eda hacerse posible recortando gastos y utilizando el dinero de subejercicio de la Secretar\u00eda.<\/p>\n\n\n\n<blockquote class=\"wp-block-quote is-layout-flow wp-block-quote-is-layout-flow\"><p>\u201c<em>Quiero hacer evidente esta situaci\u00f3n, no como queja, sino como llamado a los diputados a darle una segunda oportunidad a este tema, a que se sumen a una nueva iniciativa en materia de seguridad que estaremos presentando pr\u00f3ximamente para la generaci\u00f3n de otro fondo para la seguridad municipal<\/em>\u201d.<\/p><\/blockquote>\n\n\n\n<p>Record\u00f3 que hace menos de dos meses se llev\u00f3 a cabo la comparecencia del secretario de Seguridad P\u00fablica en donde se expusieron -datos a modo- pues se expuso que Veracruz es uno de los estados m\u00e1s seguros, que disminuy\u00f3 la inseguridad, los secuestros y homicidios; pero el legislador panista afirma que \u201cla realidad es otra\u201d.<\/p>\n\n\n\n<p>Cabe recordar que se llev\u00f3 a cabo una fuerte movilizaci\u00f3n en el Fraccionamiento Valle Dorado donde encontraron una fosa clandestina.<\/p>\n","protected":false},"excerpt":{"rendered":"<p>\u00a0Jes\u00fas Utrilla \/ NV Noticias Ante el hallazgo de la nueva fosa clandestina y los hechos de inseguridad en la entidad, el diputado local del Partido Acci\u00f3n Nacional, Jaime de la Garza Mart\u00ednez, exigi\u00f3 al gobierno estatal cumplir con la tarea de seguridad en Veracruz y anunci\u00f3 que presentar\u00e1 una nueva iniciativa para lograr otro [&hellip;]<\/p>\n","protected":false},"author":8,"featured_media":91863,"comment_status":"open","ping_status":"open","sticky":false,"template":"","format":"standard","meta":{"_monsterinsights_skip_tracking":false,"_monsterinsights_sitenote_active":false,"_monsterinsights_sitenote_note":"","_monsterinsights_sitenote_category":0,"footnotes":""},"categories":[154],"tags":[23423,2467],"class_list":["post-95504","post","type-post","status-publish","format-standard","has-post-thumbnail","hentry","category-veracruz","tag-fondo-para-la-seguridad-municipal","tag-jaime-de-la-garza","wp-image-borders"],"amp_enabled":true,"_links":{"self":[{"href":"https:\/\/nvnoticias.mx\/index.php\/wp-json\/wp\/v2\/posts\/95504","targetHints":{"allow":["GET"]}}],"collection":[{"href":"https:\/\/nvnoticias.mx\/index.php\/wp-json\/wp\/v2\/posts"}],"about":[{"href":"https:\/\/nvnoticias.mx\/index.php\/wp-json\/wp\/v2\/types\/post"}],"author":[{"embeddable":true,"href":"https:\/\/nvnoticias.mx\/index.php\/wp-json\/wp\/v2\/users\/8"}],"replies":[{"embeddable":true,"href":"https:\/\/nvnoticias.mx\/index.php\/wp-json\/wp\/v2\/comments?post=95504"}],"version-history":[{"count":1,"href":"https:\/\/nvnoticias.mx\/index.php\/wp-json\/wp\/v2\/posts\/95504\/revisions"}],"predecessor-version":[{"id":95505,"href":"https:\/\/nvnoticias.mx\/index.php\/wp-json\/wp\/v2\/posts\/95504\/revisions\/95505"}],"wp:featuredmedia":[{"embeddable":true,"href":"https:\/\/nvnoticias.mx\/index.php\/wp-json\/wp\/v2\/media\/91863"}],"wp:attachment":[{"href":"https:\/\/nvnoticias.mx\/index.php\/wp-json\/wp\/v2\/media?parent=95504"}],"wp:term":[{"taxonomy":"category","embeddable":true,"href":"https:\/\/nvnoticias.mx\/index.php\/wp-json\/wp\/v2\/categories?post=95504"},{"taxonomy":"post_tag","embeddable":true,"href":"https:\/\/nvnoticias.mx\/index.php\/wp-json\/wp\/v2\/tags?post=95504"}],"curies":[{"name":"wp","href":"https:\/\/api.w.org\/{rel}","templated":true}]}}