{"id":95498,"date":"2023-02-23T12:33:24","date_gmt":"2023-02-23T18:33:24","guid":{"rendered":"https:\/\/nvnoticias.mx\/?p=95498"},"modified":"2023-02-23T12:33:25","modified_gmt":"2023-02-23T18:33:25","slug":"alcalde-de-cordoba-niega-ser-amenazado-por-grupos-delincuenciales","status":"publish","type":"post","link":"https:\/\/nvnoticias.mx\/index.php\/2023\/02\/23\/alcalde-de-cordoba-niega-ser-amenazado-por-grupos-delincuenciales\/","title":{"rendered":"Alcalde de C\u00f3rdoba niega ser amenazado por grupos delincuenciales"},"content":{"rendered":"\n<p><strong>Sam Ojeda\u00a0\/ NV Noticias<\/strong><\/p>\n\n\n\n<p>Xalapa.- El presidente municipal de C\u00f3rdoba, Juan Mart\u00ednez Flores, neg\u00f3 que haya sido amenazado por la delincuencia organizada o que haya tenido necesidad de incrementar su seguridad a ra\u00edz de ello.&nbsp;<\/p>\n\n\n\n<p>Lo anterior luego de que el gobernador Cuitl\u00e1huac Garc\u00eda Jim\u00e9nez asegur\u00f3 que alcaldes de la zona centro de la entidad han sido amenazados por grupos delincuenciales.&nbsp;<\/p>\n\n\n\n<blockquote class=\"wp-block-quote is-layout-flow wp-block-quote-is-layout-flow\"><p>\u201c<em>Nunca he sido amenazado, camino con personas que me acompa\u00f1an, no traigo escoltas, solo la secretaria particular y quien conduce la unidad. Yo camino desde mi casa<\/em>\u201d.<\/p><\/blockquote>\n\n\n\n<p>En entrevista, el alcalde asegur\u00f3 que tiene la conciencia tranquila y que ni \u00e9l ni su personal portan armas. Incluso dijo que cuando algo (contra los alcaldes ocurre) es porque el destino ya lo ten\u00eda planeado.&nbsp;<\/p>\n\n\n\n<blockquote class=\"wp-block-quote is-layout-flow wp-block-quote-is-layout-flow\"><p>\u201c<em>No porto armas, tenemos la conciencia tranquila que esa es la fortuna y lo que va a pasar sucede porque el destino ya lo ten\u00eda planeado, pero sabemos la posici\u00f3n que guardamos y preferimos llevar la fiesta en paz con todos para que no haya alg\u00fan detalle que detone<\/em>\u201d.\u00a0<\/p><\/blockquote>\n\n\n\n<p>Sobre las observaciones realizadas a la cuenta p\u00fablica 2021 por parte de la Auditor\u00eda Superior de la Federaci\u00f3n (ASF), dijo que su municipio tiene que aclarar 127 millones de pesos.&nbsp;<\/p>\n\n\n\n<p>Asegur\u00f3 que su administraci\u00f3n entregar\u00e1 la informaci\u00f3n en tiempo y forma a fin de aclarar las observaciones hechas por la Auditor\u00eda.&nbsp;<\/p>\n\n\n\n<blockquote class=\"wp-block-quote is-layout-flow wp-block-quote-is-layout-flow\"><p>\u201c<em>Cada quien tendr\u00e1 que responder de la mejor manera, le daremos seguimiento y que la ciudadan\u00eda tenga confianza en que entregaremos los documentos que nos han pedido<\/em>\u201d. \u00a0<\/p><\/blockquote>\n","protected":false},"excerpt":{"rendered":"<p>Sam Ojeda\u00a0\/ NV Noticias Xalapa.- El presidente municipal de C\u00f3rdoba, Juan Mart\u00ednez Flores, neg\u00f3 que haya sido amenazado por la delincuencia organizada o que haya tenido necesidad de incrementar su seguridad a ra\u00edz de ello.&nbsp; Lo anterior luego de que el gobernador Cuitl\u00e1huac Garc\u00eda Jim\u00e9nez asegur\u00f3 que alcaldes de la zona centro de la entidad [&hellip;]<\/p>\n","protected":false},"author":8,"featured_media":95499,"comment_status":"open","ping_status":"open","sticky":false,"template":"","format":"standard","meta":{"_monsterinsights_skip_tracking":false,"_monsterinsights_sitenote_active":false,"_monsterinsights_sitenote_note":"","_monsterinsights_sitenote_category":0,"footnotes":""},"categories":[156],"tags":[559,756,3380],"class_list":["post-95498","post","type-post","status-publish","format-standard","has-post-thumbnail","hentry","category-estado","tag-alcalde","tag-cordoba","tag-delincuencia","wp-image-borders"],"amp_enabled":true,"_links":{"self":[{"href":"https:\/\/nvnoticias.mx\/index.php\/wp-json\/wp\/v2\/posts\/95498","targetHints":{"allow":["GET"]}}],"collection":[{"href":"https:\/\/nvnoticias.mx\/index.php\/wp-json\/wp\/v2\/posts"}],"about":[{"href":"https:\/\/nvnoticias.mx\/index.php\/wp-json\/wp\/v2\/types\/post"}],"author":[{"embeddable":true,"href":"https:\/\/nvnoticias.mx\/index.php\/wp-json\/wp\/v2\/users\/8"}],"replies":[{"embeddable":true,"href":"https:\/\/nvnoticias.mx\/index.php\/wp-json\/wp\/v2\/comments?post=95498"}],"version-history":[{"count":1,"href":"https:\/\/nvnoticias.mx\/index.php\/wp-json\/wp\/v2\/posts\/95498\/revisions"}],"predecessor-version":[{"id":95500,"href":"https:\/\/nvnoticias.mx\/index.php\/wp-json\/wp\/v2\/posts\/95498\/revisions\/95500"}],"wp:featuredmedia":[{"embeddable":true,"href":"https:\/\/nvnoticias.mx\/index.php\/wp-json\/wp\/v2\/media\/95499"}],"wp:attachment":[{"href":"https:\/\/nvnoticias.mx\/index.php\/wp-json\/wp\/v2\/media?parent=95498"}],"wp:term":[{"taxonomy":"category","embeddable":true,"href":"https:\/\/nvnoticias.mx\/index.php\/wp-json\/wp\/v2\/categories?post=95498"},{"taxonomy":"post_tag","embeddable":true,"href":"https:\/\/nvnoticias.mx\/index.php\/wp-json\/wp\/v2\/tags?post=95498"}],"curies":[{"name":"wp","href":"https:\/\/api.w.org\/{rel}","templated":true}]}}