{"id":9548,"date":"2021-03-31T11:29:31","date_gmt":"2021-03-31T17:29:31","guid":{"rendered":"https:\/\/nvnoticias.mx\/?p=9548"},"modified":"2021-03-31T11:29:32","modified_gmt":"2021-03-31T17:29:32","slug":"habilita-dif-modulo-en-playas-para-ayudar-a-ninos-extraviados","status":"publish","type":"post","link":"https:\/\/nvnoticias.mx\/index.php\/2021\/03\/31\/habilita-dif-modulo-en-playas-para-ayudar-a-ninos-extraviados\/","title":{"rendered":"Habilita DIF m\u00f3dulo en playas para ayudar a  ni\u00f1os extraviados"},"content":{"rendered":"\n<p><strong>Jes\u00fas Utrilla \/ NV Noticias<\/strong><strong><\/strong><\/p>\n\n\n\n<p>Veracruz.- Por el periodo vacacional el Sistema para el Desarrollo Integral de la Familia de Veracruz instal\u00f3 un m\u00f3dulo en Playa Villa Del Mar, para atender casos de ni\u00f1os extraviados.<\/p>\n\n\n\n<p>Yamileth Herrera D\u00edaz, directora del DIF, dijo que como parte de las acciones trabaja un equipo multidisciplinario entre abogados, psic\u00f3logos, trabajadoras sociales, personal administrativo y de log\u00edstica.<\/p>\n\n\n\n<p>El objetivo es reintegrar a lo menores que lleguen a separarse de sus padres durante estas vacaciones de Semana Santa.<\/p>\n\n\n\n<p>Instalaron el m\u00f3dulo en Playa Villa Del Mar, porque es donde hay mayor afluencia tur\u00edstica.<\/p>\n\n\n\n<blockquote class=\"wp-block-quote is-layout-flow wp-block-quote-is-layout-flow\"><p>\u201cCada a\u00f1o cuando viene Semana Santa sale este operativo. Nosotros el acompa\u00f1amiento que hacemos es con 22 personas. Somos un equipo interdisciplinario, es decir, todo un equipo compuesto por abogados, trabajadoras sociales y psic\u00f3logos\u201d.<\/p><\/blockquote>\n\n\n\n<p>El m\u00f3dulo laborar\u00e1 en el mismo horario que las playas, pero adem\u00e1s <strong>personal del DIF recorrer\u00e1 Playa Mart\u00ed, Play\u00f3n de Hornos, Villa Del Mar y Regatas para atender cualquier eventualidad que llegue a suscitarse.<\/strong><\/p>\n\n\n\n<p>A trav\u00e9s de la Procuradur\u00eda Municipal de Protecci\u00f3n de Ni\u00f1as, Ni\u00f1os y Adolescentes mantendr\u00e1n comunicaci\u00f3n constante con el C5 para monitorear zonas de playas y tur\u00edsticas para actuar de forma inmediata ante el extrav\u00edo de infantes.<\/p>\n","protected":false},"excerpt":{"rendered":"<p>Jes\u00fas Utrilla \/ NV Noticias Veracruz.- Por el periodo vacacional el Sistema para el Desarrollo Integral de la Familia de Veracruz instal\u00f3 un m\u00f3dulo en Playa Villa Del Mar, para atender casos de ni\u00f1os extraviados. Yamileth Herrera D\u00edaz, directora del DIF, dijo que como parte de las acciones trabaja un equipo multidisciplinario entre abogados, psic\u00f3logos, [&hellip;]<\/p>\n","protected":false},"author":6,"featured_media":9549,"comment_status":"open","ping_status":"open","sticky":false,"template":"","format":"standard","meta":{"_monsterinsights_skip_tracking":false,"_monsterinsights_sitenote_active":false,"_monsterinsights_sitenote_note":"","_monsterinsights_sitenote_category":0,"footnotes":""},"categories":[154],"tags":[1017,2705,1016,2148,1474],"class_list":["post-9548","post","type-post","status-publish","format-standard","has-post-thumbnail","hentry","category-veracruz","tag-dif-veracruz","tag-extraviados","tag-ninos","tag-playas","tag-semana-santa","wp-image-borders"],"amp_enabled":true,"_links":{"self":[{"href":"https:\/\/nvnoticias.mx\/index.php\/wp-json\/wp\/v2\/posts\/9548","targetHints":{"allow":["GET"]}}],"collection":[{"href":"https:\/\/nvnoticias.mx\/index.php\/wp-json\/wp\/v2\/posts"}],"about":[{"href":"https:\/\/nvnoticias.mx\/index.php\/wp-json\/wp\/v2\/types\/post"}],"author":[{"embeddable":true,"href":"https:\/\/nvnoticias.mx\/index.php\/wp-json\/wp\/v2\/users\/6"}],"replies":[{"embeddable":true,"href":"https:\/\/nvnoticias.mx\/index.php\/wp-json\/wp\/v2\/comments?post=9548"}],"version-history":[{"count":1,"href":"https:\/\/nvnoticias.mx\/index.php\/wp-json\/wp\/v2\/posts\/9548\/revisions"}],"predecessor-version":[{"id":9550,"href":"https:\/\/nvnoticias.mx\/index.php\/wp-json\/wp\/v2\/posts\/9548\/revisions\/9550"}],"wp:featuredmedia":[{"embeddable":true,"href":"https:\/\/nvnoticias.mx\/index.php\/wp-json\/wp\/v2\/media\/9549"}],"wp:attachment":[{"href":"https:\/\/nvnoticias.mx\/index.php\/wp-json\/wp\/v2\/media?parent=9548"}],"wp:term":[{"taxonomy":"category","embeddable":true,"href":"https:\/\/nvnoticias.mx\/index.php\/wp-json\/wp\/v2\/categories?post=9548"},{"taxonomy":"post_tag","embeddable":true,"href":"https:\/\/nvnoticias.mx\/index.php\/wp-json\/wp\/v2\/tags?post=9548"}],"curies":[{"name":"wp","href":"https:\/\/api.w.org\/{rel}","templated":true}]}}