{"id":95321,"date":"2023-02-22T14:00:45","date_gmt":"2023-02-22T20:00:45","guid":{"rendered":"https:\/\/nvnoticias.mx\/?p=95321"},"modified":"2023-02-22T14:00:46","modified_gmt":"2023-02-22T20:00:46","slug":"invita-ayuntamiento-a-participar-en-cabildo-en-sesion-abierta","status":"publish","type":"post","link":"https:\/\/nvnoticias.mx\/index.php\/2023\/02\/22\/invita-ayuntamiento-a-participar-en-cabildo-en-sesion-abierta\/","title":{"rendered":"Invita Ayuntamiento a participar en Cabildo en Sesi\u00f3n Abierta"},"content":{"rendered":"\n<p>Xalapa, Ver.- Para escuchar las propuestas orientadas a mejorar la imagen urbana del municipio y como parte de la pol\u00edtica de puertas abiertas de esta Administraci\u00f3n, el Ayuntamiento invita a la ciudadan\u00eda a participar en el pr\u00f3ximo Cabildo en Sesi\u00f3n Abierta, a desarrollarse el 28 de febrero a las 10:30 horas.<\/p>\n\n\n\n<p>De acuerdo con el secretario del Ayuntamiento, Ram\u00f3n Antonio Ramos Niembro, se trata de un tema de importancia, pues al haber terminado el primer a\u00f1o de ejercicio, en materia de obra p\u00fablica es necesario incorporar a\u00fan m\u00e1s la opini\u00f3n de los usuarios para mejorar la infraestructura y los servicios p\u00fablicos, \u201ca efecto de que los ciudadanos tengamos la capital que merecemos\u201d.<\/p>\n\n\n\n<p>Detall\u00f3 que para esta convocatoria p\u00fablica se lleva un registro de todos los participantes, quienes tienen derecho a exponer libremente sus propuestas para mejorar una ciudad que es de todas y todos.<\/p>\n\n\n\n<p>Record\u00f3 que de acuerdo con la Ley Org\u00e1nica del Municipio Libre, esta sesi\u00f3n ser\u00e1 la primera de seis que se programar\u00e1n durante 2023, con distintos temas de relevancia para la vida p\u00fablica de las y los xalape\u00f1os, \u201ccon el fin de que tengamos un verdadero cogobierno\u201d.<\/p>\n\n\n\n<p>Finalmente, dio a conocer que para registrar sus propuestas, es necesario acudir a las oficinas de la Secretar\u00eda del Ayuntamiento, ubicadas en el interior de Palacio Municipal, previa consulta de requisitos en el sitio web: https:\/\/cloud.xalapa.gob.mx\/index.php\/s\/mqS9T3BtG7Jq3Qa. Para m\u00e1s informaci\u00f3n se puede llamar a los n\u00fameros telef\u00f3nicos: 228 290 1000, extensi\u00f3n 1141, y 228 290 1014.<\/p>\n","protected":false},"excerpt":{"rendered":"<p>Xalapa, Ver.- Para escuchar las propuestas orientadas a mejorar la imagen urbana del municipio y como parte de la pol\u00edtica de puertas abiertas de esta Administraci\u00f3n, el Ayuntamiento invita a la ciudadan\u00eda a participar en el pr\u00f3ximo Cabildo en Sesi\u00f3n Abierta, a desarrollarse el 28 de febrero a las 10:30 horas. De acuerdo con el [&hellip;]<\/p>\n","protected":false},"author":8,"featured_media":95322,"comment_status":"open","ping_status":"open","sticky":false,"template":"","format":"standard","meta":{"_monsterinsights_skip_tracking":false,"_monsterinsights_sitenote_active":false,"_monsterinsights_sitenote_note":"","_monsterinsights_sitenote_category":0,"footnotes":""},"categories":[156],"tags":[10426,2190],"class_list":["post-95321","post","type-post","status-publish","format-standard","has-post-thumbnail","hentry","category-estado","tag-ayuntamiento-de-xalapa","tag-cabildo","wp-image-borders"],"amp_enabled":true,"_links":{"self":[{"href":"https:\/\/nvnoticias.mx\/index.php\/wp-json\/wp\/v2\/posts\/95321","targetHints":{"allow":["GET"]}}],"collection":[{"href":"https:\/\/nvnoticias.mx\/index.php\/wp-json\/wp\/v2\/posts"}],"about":[{"href":"https:\/\/nvnoticias.mx\/index.php\/wp-json\/wp\/v2\/types\/post"}],"author":[{"embeddable":true,"href":"https:\/\/nvnoticias.mx\/index.php\/wp-json\/wp\/v2\/users\/8"}],"replies":[{"embeddable":true,"href":"https:\/\/nvnoticias.mx\/index.php\/wp-json\/wp\/v2\/comments?post=95321"}],"version-history":[{"count":1,"href":"https:\/\/nvnoticias.mx\/index.php\/wp-json\/wp\/v2\/posts\/95321\/revisions"}],"predecessor-version":[{"id":95323,"href":"https:\/\/nvnoticias.mx\/index.php\/wp-json\/wp\/v2\/posts\/95321\/revisions\/95323"}],"wp:featuredmedia":[{"embeddable":true,"href":"https:\/\/nvnoticias.mx\/index.php\/wp-json\/wp\/v2\/media\/95322"}],"wp:attachment":[{"href":"https:\/\/nvnoticias.mx\/index.php\/wp-json\/wp\/v2\/media?parent=95321"}],"wp:term":[{"taxonomy":"category","embeddable":true,"href":"https:\/\/nvnoticias.mx\/index.php\/wp-json\/wp\/v2\/categories?post=95321"},{"taxonomy":"post_tag","embeddable":true,"href":"https:\/\/nvnoticias.mx\/index.php\/wp-json\/wp\/v2\/tags?post=95321"}],"curies":[{"name":"wp","href":"https:\/\/api.w.org\/{rel}","templated":true}]}}