{"id":95299,"date":"2023-02-22T13:26:20","date_gmt":"2023-02-22T19:26:20","guid":{"rendered":"https:\/\/nvnoticias.mx\/?p=95299"},"modified":"2023-02-22T13:26:21","modified_gmt":"2023-02-22T19:26:21","slug":"fesapauv-asegura-que-universidades-del-bienestar-no-deben-ser-llamadas-universidades","status":"publish","type":"post","link":"https:\/\/nvnoticias.mx\/index.php\/2023\/02\/22\/fesapauv-asegura-que-universidades-del-bienestar-no-deben-ser-llamadas-universidades\/","title":{"rendered":"Fesapauv asegura que Universidades del Bienestar no deben ser llamadas universidades"},"content":{"rendered":"\n<p><strong>Sam Ojeda \/ NV Noticias<\/strong><\/p>\n\n\n\n<p>Xalapa.- El secretario de la Federaci\u00f3n de Sindicatos y Asociaciones del Personal Acad\u00e9mico de la Universidad Veracruzana (Fesapauv), Enrique Levet Gorozpe, afirm\u00f3 que las Universidades del Bienestar no son tal, pues fungen m\u00e1s como institutos con una limitada oferta acad\u00e9mica.<\/p>\n\n\n\n<p>Entrevistado durante la celebraci\u00f3n del 47 aniversario de la fundaci\u00f3n del sindicato, dijo que el recurso que se le destina a estas universidades es poco y que su oferta se limita a dos o tres programas, por lo que insisti\u00f3 en que no pueden llamarse universidades. &nbsp;<\/p>\n\n\n\n<blockquote class=\"wp-block-quote is-layout-flow wp-block-quote-is-layout-flow\"><p><em>\u201cEl recurso que se destina a las Universidades del Bienestar es m\u00ednimo porque son universidades que no son universidades, son institutos, que tienen dos o tres programas cuando mucho, no se puede decir que sean una universidad<\/em>\u201d.\u00a0<\/p><\/blockquote>\n\n\n\n<p>Sobre el situaci\u00f3n que enfrentan las universidades p\u00fablicas en el pa\u00eds, Levet Gorozpe admiti\u00f3 que viven un rezago importante debido a la visi\u00f3n que tiene el Gobierno federal sobre la educaci\u00f3n superior p\u00fablica.&nbsp;<\/p>\n\n\n\n<blockquote class=\"wp-block-quote is-layout-flow wp-block-quote-is-layout-flow\"><p>\u201c<em>Las universidades estamos rezagadas en la visi\u00f3n que tiene el Gobierno de apoyar a la educaci\u00f3n superior, por eso estamos llamando la atenci\u00f3n con estos foros<\/em>\u201d. \u00a0<\/p><\/blockquote>\n\n\n\n<p>Tambi\u00e9n dijo que en el caso de la UV, el sindicato que representa contin\u00faa en negociaciones ante la falta de pagos a maestros, y violaciones en la entrega de prestaciones como servicio m\u00e9dico, ayuda para tesis.<\/p>\n\n\n\n<p>Coment\u00f3 que es un n\u00famero importante de violaciones e incumplimientos e inconformidades en los procesos de ingresos promoci\u00f3n y permanencia del personal acad\u00e9mico.<\/p>\n\n\n\n<p>Por ello, indic\u00f3 que de no llegar a acuerdo con las autoridades de la UV, estallar\u00e1 la huelga el pr\u00f3ximo 1 de marzo.&nbsp;<\/p>\n","protected":false},"excerpt":{"rendered":"<p>Sam Ojeda \/ NV Noticias Xalapa.- El secretario de la Federaci\u00f3n de Sindicatos y Asociaciones del Personal Acad\u00e9mico de la Universidad Veracruzana (Fesapauv), Enrique Levet Gorozpe, afirm\u00f3 que las Universidades del Bienestar no son tal, pues fungen m\u00e1s como institutos con una limitada oferta acad\u00e9mica. Entrevistado durante la celebraci\u00f3n del 47 aniversario de la fundaci\u00f3n [&hellip;]<\/p>\n","protected":false},"author":8,"featured_media":95300,"comment_status":"open","ping_status":"open","sticky":false,"template":"","format":"standard","meta":{"_monsterinsights_skip_tracking":false,"_monsterinsights_sitenote_active":false,"_monsterinsights_sitenote_note":"","_monsterinsights_sitenote_category":0,"footnotes":""},"categories":[156],"tags":[3275,23392],"class_list":["post-95299","post","type-post","status-publish","format-standard","has-post-thumbnail","hentry","category-estado","tag-fesapauv","tag-universidades-del-bienestar","wp-image-borders"],"amp_enabled":true,"_links":{"self":[{"href":"https:\/\/nvnoticias.mx\/index.php\/wp-json\/wp\/v2\/posts\/95299","targetHints":{"allow":["GET"]}}],"collection":[{"href":"https:\/\/nvnoticias.mx\/index.php\/wp-json\/wp\/v2\/posts"}],"about":[{"href":"https:\/\/nvnoticias.mx\/index.php\/wp-json\/wp\/v2\/types\/post"}],"author":[{"embeddable":true,"href":"https:\/\/nvnoticias.mx\/index.php\/wp-json\/wp\/v2\/users\/8"}],"replies":[{"embeddable":true,"href":"https:\/\/nvnoticias.mx\/index.php\/wp-json\/wp\/v2\/comments?post=95299"}],"version-history":[{"count":1,"href":"https:\/\/nvnoticias.mx\/index.php\/wp-json\/wp\/v2\/posts\/95299\/revisions"}],"predecessor-version":[{"id":95302,"href":"https:\/\/nvnoticias.mx\/index.php\/wp-json\/wp\/v2\/posts\/95299\/revisions\/95302"}],"wp:featuredmedia":[{"embeddable":true,"href":"https:\/\/nvnoticias.mx\/index.php\/wp-json\/wp\/v2\/media\/95300"}],"wp:attachment":[{"href":"https:\/\/nvnoticias.mx\/index.php\/wp-json\/wp\/v2\/media?parent=95299"}],"wp:term":[{"taxonomy":"category","embeddable":true,"href":"https:\/\/nvnoticias.mx\/index.php\/wp-json\/wp\/v2\/categories?post=95299"},{"taxonomy":"post_tag","embeddable":true,"href":"https:\/\/nvnoticias.mx\/index.php\/wp-json\/wp\/v2\/tags?post=95299"}],"curies":[{"name":"wp","href":"https:\/\/api.w.org\/{rel}","templated":true}]}}