{"id":95296,"date":"2023-02-22T13:13:54","date_gmt":"2023-02-22T19:13:54","guid":{"rendered":"https:\/\/nvnoticias.mx\/?p=95296"},"modified":"2023-02-22T13:13:55","modified_gmt":"2023-02-22T19:13:55","slug":"trabajadores-del-rastro-de-vargas-exigen-mejores-condiciones-laborales","status":"publish","type":"post","link":"https:\/\/nvnoticias.mx\/index.php\/2023\/02\/22\/trabajadores-del-rastro-de-vargas-exigen-mejores-condiciones-laborales\/","title":{"rendered":"Trabajadores del rastro de Vargas exigen mejores condiciones laborales"},"content":{"rendered":"\n<p><strong>Jes\u00fas Utrilla \/ NV Noticias<\/strong><\/p>\n\n\n\n<p>Trabajadores del rastro de Vargas se manifestaron para quejarse por diversas irregularidades cometidas en materia laboral. <\/p>\n\n\n\n<p>Algunos dijeron que los despidieron injustificadamente y otros que no se les permite ausentarse de sus funciones, ni para acudir a los sanitarios. <\/p>\n\n\n\n<p>Agregaron que sus labores son excesivas y mal pagadas, incluso las horas extras son injustas porque la mayor\u00eda de las veces no se las pagan. <\/p>\n\n\n\n<p>Aunado a ello, la mayor\u00eda de los trabajadores tiene jornadas de 12 horas, esto es, que ingresan a las 8:00 de la ma\u00f1ana y concluyen a las 8:00 de la noche. <\/p>\n\n\n\n<p>Explicaron que les miden los minutos que ocupan para ir al ba\u00f1o, sin embargo, no toman en cuenta que ocupan equipos especiales que deben quitarse y luego volverse a colocar. <\/p>\n\n\n\n<blockquote class=\"wp-block-quote is-layout-flow wp-block-quote-is-layout-flow\"><p>&#8220;<em>Para comer dan 40 minutos, tiempo que es medido y si se pasan dos o tres minutos les son descontados a cada uno, lo mismo sucede para ir al ba\u00f1o, le dan un lapso de 15 minutos y el tiempo que sea excedido tambi\u00e9n es descontado<\/em>&#8220;.<\/p><\/blockquote>\n\n\n\n<p>Los retardos les son descontados y a la semana les quitan en promedio 300 pesos de su sueldo, cuando los que menos ganan cobran 1600 pesos semanales. <\/p>\n\n\n\n<p>Luego de la manifestaci\u00f3n la empresa acord\u00f3 que se permitir\u00e1 \u00a0a los trabajadores laborar jornadas de 8 horas y les permitir\u00e1 ir al sanitario sin contarles los minutos.<\/p>\n","protected":false},"excerpt":{"rendered":"<p>Jes\u00fas Utrilla \/ NV Noticias Trabajadores del rastro de Vargas se manifestaron para quejarse por diversas irregularidades cometidas en materia laboral. Algunos dijeron que los despidieron injustificadamente y otros que no se les permite ausentarse de sus funciones, ni para acudir a los sanitarios. Agregaron que sus labores son excesivas y mal pagadas, incluso las [&hellip;]<\/p>\n","protected":false},"author":8,"featured_media":95297,"comment_status":"open","ping_status":"open","sticky":false,"template":"","format":"standard","meta":{"_monsterinsights_skip_tracking":false,"_monsterinsights_sitenote_active":false,"_monsterinsights_sitenote_note":"","_monsterinsights_sitenote_category":0,"footnotes":""},"categories":[154],"tags":[503,23391],"class_list":["post-95296","post","type-post","status-publish","format-standard","has-post-thumbnail","hentry","category-veracruz","tag-manifestacion","tag-rastro-de-vargas","wp-image-borders"],"amp_enabled":true,"_links":{"self":[{"href":"https:\/\/nvnoticias.mx\/index.php\/wp-json\/wp\/v2\/posts\/95296","targetHints":{"allow":["GET"]}}],"collection":[{"href":"https:\/\/nvnoticias.mx\/index.php\/wp-json\/wp\/v2\/posts"}],"about":[{"href":"https:\/\/nvnoticias.mx\/index.php\/wp-json\/wp\/v2\/types\/post"}],"author":[{"embeddable":true,"href":"https:\/\/nvnoticias.mx\/index.php\/wp-json\/wp\/v2\/users\/8"}],"replies":[{"embeddable":true,"href":"https:\/\/nvnoticias.mx\/index.php\/wp-json\/wp\/v2\/comments?post=95296"}],"version-history":[{"count":1,"href":"https:\/\/nvnoticias.mx\/index.php\/wp-json\/wp\/v2\/posts\/95296\/revisions"}],"predecessor-version":[{"id":95298,"href":"https:\/\/nvnoticias.mx\/index.php\/wp-json\/wp\/v2\/posts\/95296\/revisions\/95298"}],"wp:featuredmedia":[{"embeddable":true,"href":"https:\/\/nvnoticias.mx\/index.php\/wp-json\/wp\/v2\/media\/95297"}],"wp:attachment":[{"href":"https:\/\/nvnoticias.mx\/index.php\/wp-json\/wp\/v2\/media?parent=95296"}],"wp:term":[{"taxonomy":"category","embeddable":true,"href":"https:\/\/nvnoticias.mx\/index.php\/wp-json\/wp\/v2\/categories?post=95296"},{"taxonomy":"post_tag","embeddable":true,"href":"https:\/\/nvnoticias.mx\/index.php\/wp-json\/wp\/v2\/tags?post=95296"}],"curies":[{"name":"wp","href":"https:\/\/api.w.org\/{rel}","templated":true}]}}