{"id":95283,"date":"2023-02-22T12:12:46","date_gmt":"2023-02-22T18:12:46","guid":{"rendered":"https:\/\/nvnoticias.mx\/?p=95283"},"modified":"2023-02-22T15:11:21","modified_gmt":"2023-02-22T21:11:21","slug":"anuncian-festival-de-globos-con-causa-en-medellin","status":"publish","type":"post","link":"https:\/\/nvnoticias.mx\/index.php\/2023\/02\/22\/anuncian-festival-de-globos-con-causa-en-medellin\/","title":{"rendered":"Anuncian Festival de Globos &#8220;con causa&#8221; en Medell\u00edn"},"content":{"rendered":"\n<p><strong>Sam Ojeda &#8211; Jes\u00fas Utrilla<\/strong> <strong>\/ NV Noticias<\/strong><\/p>\n\n\n\n<p>El pr\u00f3ximo s\u00e1bado se realizar\u00e1 en Medell\u00edn de Bravo elevaci\u00f3n de globos aerost\u00e1ticos \u201ccon causa\u201d, a fin de recaudar alimentos no perecederos para ser entregados a familias de escasos recursos de ese municipio.&nbsp;<\/p>\n\n\n\n<p>Al respecto, Gloria Pelayo Duarte indic\u00f3 que se trata del primer festival del globo que se llevar\u00e1 a cabo en los terrenos ubicados en Paseo de las Aves en el fraccionamiento Punte Moreno.&nbsp;<\/p>\n\n\n\n<blockquote class=\"wp-block-quote is-layout-flow wp-block-quote-is-layout-flow\"><p>\u201c<em>El motivo de esta rueda de prensa es para invitarlos al Primer Festival del Globo que organiza la fundaci\u00f3n, que ser\u00e1 este 25 de febrero en punto de las 11:00 horas de la ma\u00f1ana&#8221;. <\/em><\/p><\/blockquote>\n\n\n\n<p>En conferencia de prensa en Xalapa, dijo que se contar\u00e1n con cuatro globos que permiten la elevaci\u00f3n simult\u00e1nea de hasta 16 personas, aunque esto depender\u00e1 de las condiciones climatol\u00f3gicas de ese d\u00eda.&nbsp;<\/p>\n\n\n\n<div class=\"wp-block-image\"><figure class=\"aligncenter size-large is-resized\"><img loading=\"lazy\" decoding=\"async\" src=\"https:\/\/nvnoticias.mx\/wp-content\/uploads\/2023\/02\/a8776056-b490-4041-854a-9cdd1f58c8f5-1024x576.jpg\" alt=\"\" class=\"wp-image-95350\" width=\"602\" height=\"338\" srcset=\"https:\/\/nvnoticias.mx\/wp-content\/uploads\/2023\/02\/a8776056-b490-4041-854a-9cdd1f58c8f5-1024x576.jpg 1024w, https:\/\/nvnoticias.mx\/wp-content\/uploads\/2023\/02\/a8776056-b490-4041-854a-9cdd1f58c8f5-300x169.jpg 300w, https:\/\/nvnoticias.mx\/wp-content\/uploads\/2023\/02\/a8776056-b490-4041-854a-9cdd1f58c8f5-768x432.jpg 768w, https:\/\/nvnoticias.mx\/wp-content\/uploads\/2023\/02\/a8776056-b490-4041-854a-9cdd1f58c8f5-1536x864.jpg 1536w, https:\/\/nvnoticias.mx\/wp-content\/uploads\/2023\/02\/a8776056-b490-4041-854a-9cdd1f58c8f5-600x337.jpg 600w, https:\/\/nvnoticias.mx\/wp-content\/uploads\/2023\/02\/a8776056-b490-4041-854a-9cdd1f58c8f5.jpg 1600w\" sizes=\"auto, (max-width: 602px) 100vw, 602px\" \/><\/figure><\/div>\n\n\n\n<p>La intenci\u00f3n es que la gente lleve alimentos como at\u00fan, leche en polvo, arroz y cualquier otro producto que no caduca pronto y que pueda ser f\u00e1cil de transportar pues se armar\u00e1n despu\u00e9s para ser entregadas a familias de escasos recursos.&nbsp;<\/p>\n\n\n\n<blockquote class=\"wp-block-quote is-layout-flow wp-block-quote-is-layout-flow\"><p>\u201c<em>Pedimos a la gente que donen alimentos no perecederos para armar despensas y luego ser repartidas en el municipio de Medell\u00edn de Bravo. Esperemos que haya afluencia para poder abarcar las que m\u00e1s se pueda<\/em>\u201d.&nbsp;<\/p><\/blockquote>\n\n\n\n<p>Agreg\u00f3 que es un evento familiar y abierto a todo el p\u00fablico, y adem\u00e1s de contar con globos aerost\u00e1ticos tendr\u00e1n otras actividades como pintacaritas para los ni\u00f1os, e&nbsp; inflables.<\/p>\n\n\n\n<p>Adicionalmente se convoc\u00f3 a clubes de autos modificados para que puedan exhibir sus unidades en esta actividad que se realizar\u00e1 desde las 11 de la ma\u00f1ana hasta las 7 de la tarde. &nbsp;<\/p>\n\n\n\n<p>No hay una cantidad m\u00ednima de donaciones para poder subirse al globo, ya que es voluntario e incluso, podr\u00edan acceder sin hacer una donaci\u00f3n, aunque sugieren apoyar a la confirmaci\u00f3n de despensas para despu\u00e9s ser entregadas.&nbsp;<\/p>\n\n\n\n<div class=\"wp-block-image\"><figure class=\"aligncenter is-resized\"><img loading=\"lazy\" decoding=\"async\" src=\"https:\/\/scontent-qro1-1.xx.fbcdn.net\/v\/t39.30808-6\/332494089_521473610117555_7468969610574727180_n.jpg?_nc_cat=106&amp;ccb=1-7&amp;_nc_sid=8bfeb9&amp;_nc_eui2=AeFYkOqya1jt0GDhoOKMX9gwd4BvBBTwU6h3gG8EFPBTqAZAndyiwxTqDFf5myND040yicX9hfRdV7ht8iwAVu5C&amp;_nc_ohc=_lLr9j1xV8AAX_eMvNz&amp;_nc_oc=AQk5Z2SCayoeIPi51_VraaKOMqobNoe17FPCzYpA-pfVQGKtaJ103rCVnMwSMqGLOgPrxCQD-1y5B_GYlUY4LdKY&amp;_nc_ht=scontent-qro1-1.xx&amp;oh=00_AfA9sk8Wdq-toIzmBLrnY6rrsFafIiivZvXL_a30on4k7g&amp;oe=63FB8FC9\" alt=\"Puede ser una imagen de texto que dice &quot;FUNDACION GaZaRyJA #CoemBuenPoreMedelin ORIA S\u00c1BADO 25 FEBRERO 11:00 AM 7:00 PM Vnelos Con Causa PRIMER FESTIVAL DEL GLOBO TERRENO UBICADO EN PASEO DE LAS AVES ESQUINA AV. MEDELLIN FRACCIONAMIENTO PUENTE MORENO EVENTO TOTALMENTE GRATUITO&quot;\" width=\"618\" height=\"364\"\/><\/figure><\/div>\n","protected":false},"excerpt":{"rendered":"<p>Sam Ojeda &#8211; Jes\u00fas Utrilla \/ NV Noticias El pr\u00f3ximo s\u00e1bado se realizar\u00e1 en Medell\u00edn de Bravo elevaci\u00f3n de globos aerost\u00e1ticos \u201ccon causa\u201d, a fin de recaudar alimentos no perecederos para ser entregados a familias de escasos recursos de ese municipio.&nbsp; Al respecto, Gloria Pelayo Duarte indic\u00f3 que se trata del primer festival del globo [&hellip;]<\/p>\n","protected":false},"author":8,"featured_media":95284,"comment_status":"open","ping_status":"open","sticky":false,"template":"","format":"standard","meta":{"_monsterinsights_skip_tracking":false,"_monsterinsights_sitenote_active":false,"_monsterinsights_sitenote_note":"","_monsterinsights_sitenote_category":0,"footnotes":""},"categories":[154],"tags":[7085,2217],"class_list":["post-95283","post","type-post","status-publish","format-standard","has-post-thumbnail","hentry","category-veracruz","tag-festival-de-globos","tag-medellin-de-bravo","wp-image-borders"],"amp_enabled":true,"_links":{"self":[{"href":"https:\/\/nvnoticias.mx\/index.php\/wp-json\/wp\/v2\/posts\/95283","targetHints":{"allow":["GET"]}}],"collection":[{"href":"https:\/\/nvnoticias.mx\/index.php\/wp-json\/wp\/v2\/posts"}],"about":[{"href":"https:\/\/nvnoticias.mx\/index.php\/wp-json\/wp\/v2\/types\/post"}],"author":[{"embeddable":true,"href":"https:\/\/nvnoticias.mx\/index.php\/wp-json\/wp\/v2\/users\/8"}],"replies":[{"embeddable":true,"href":"https:\/\/nvnoticias.mx\/index.php\/wp-json\/wp\/v2\/comments?post=95283"}],"version-history":[{"count":3,"href":"https:\/\/nvnoticias.mx\/index.php\/wp-json\/wp\/v2\/posts\/95283\/revisions"}],"predecessor-version":[{"id":95353,"href":"https:\/\/nvnoticias.mx\/index.php\/wp-json\/wp\/v2\/posts\/95283\/revisions\/95353"}],"wp:featuredmedia":[{"embeddable":true,"href":"https:\/\/nvnoticias.mx\/index.php\/wp-json\/wp\/v2\/media\/95284"}],"wp:attachment":[{"href":"https:\/\/nvnoticias.mx\/index.php\/wp-json\/wp\/v2\/media?parent=95283"}],"wp:term":[{"taxonomy":"category","embeddable":true,"href":"https:\/\/nvnoticias.mx\/index.php\/wp-json\/wp\/v2\/categories?post=95283"},{"taxonomy":"post_tag","embeddable":true,"href":"https:\/\/nvnoticias.mx\/index.php\/wp-json\/wp\/v2\/tags?post=95283"}],"curies":[{"name":"wp","href":"https:\/\/api.w.org\/{rel}","templated":true}]}}