{"id":95225,"date":"2023-02-21T19:12:25","date_gmt":"2023-02-22T01:12:25","guid":{"rendered":"https:\/\/nvnoticias.mx\/?p=95225"},"modified":"2023-02-21T19:12:26","modified_gmt":"2023-02-22T01:12:26","slug":"marcha-la-comunidad-uv-para-exigir-justicia-por-estudiante-asesinada","status":"publish","type":"post","link":"https:\/\/nvnoticias.mx\/index.php\/2023\/02\/21\/marcha-la-comunidad-uv-para-exigir-justicia-por-estudiante-asesinada\/","title":{"rendered":"Marcha la comunidad UV para exigir justicia por estudiante asesinada"},"content":{"rendered":"\n<p><strong>Jes\u00fas Utrilla \/ NV Noticias<\/strong><\/p>\n\n\n\n<p>La comunidad de la Universidad Veracruzana march\u00f3 por calles de la zona conurbada Veracruz-Boca Del R\u00edo para exigir justicia por Karina, la joven que el fin de semana fue asesinada mientras estaba en su domicilio.<\/p>\n\n\n\n<p>Los alumnos se dijeron inseguros ante la situaci\u00f3n que prevalece en toda la entidad, por lo que pidieron garant\u00edas, pero sobre todo justicia.<\/p>\n\n\n\n<p>Juan Joel Fern\u00e1ndez, consejero alumno de la Facultad de Ciencias de la Comunicaci\u00f3n, exigi\u00f3 que el caso no quede impune y que se garantice una vida libre de violencia. <\/p>\n\n\n\n<blockquote class=\"wp-block-quote is-layout-flow wp-block-quote-is-layout-flow\"><p>\u201c<em>Sabemos que el presunto culpable est\u00e1 detenido, sin embargo, lo que se solicita es que se resuelva el caso, que se resuelva lo m\u00e1s pronto posible y pedir por la compa\u00f1era porque es una situaci\u00f3n muy injusta, se vive mucha inseguridad en el pa\u00eds, en la ciudad y es lo que pedimos que se atienda<\/em>\u201d<\/p><\/blockquote>\n\n\n\n<p>El contingente se reuni\u00f3 en la entrada principal del campus Mocambo de la UV, en donde con flores blancas y cartulinas emprendieron su camino sobre la avenida Juan Pablo Segundo, para incorporarse al bulevar Adolfo Ruiz Cortines. <\/p>\n\n\n\n<p>Cabe recordar que el cuerpo de Karina fue encontrado su casa del Infonavit M\u00e9dano de Buenavista, en donde viv\u00eda junto con su pareja, quien al momento del hallazgo se encontraba herido por una lesi\u00f3n que se habr\u00eda realizado \u00e9l mismo. <\/p>\n\n\n\n<p>El joven permanece en terapia intensiva y en calidad de detenido.<\/p>\n","protected":false},"excerpt":{"rendered":"<p>Jes\u00fas Utrilla \/ NV Noticias La comunidad de la Universidad Veracruzana march\u00f3 por calles de la zona conurbada Veracruz-Boca Del R\u00edo para exigir justicia por Karina, la joven que el fin de semana fue asesinada mientras estaba en su domicilio. Los alumnos se dijeron inseguros ante la situaci\u00f3n que prevalece en toda la entidad, por [&hellip;]<\/p>\n","protected":false},"author":8,"featured_media":95226,"comment_status":"open","ping_status":"open","sticky":false,"template":"","format":"standard","meta":{"_monsterinsights_skip_tracking":false,"_monsterinsights_sitenote_active":false,"_monsterinsights_sitenote_note":"","_monsterinsights_sitenote_category":0,"footnotes":""},"categories":[154],"tags":[2691,1507,1164],"class_list":["post-95225","post","type-post","status-publish","format-standard","has-post-thumbnail","hentry","category-veracruz","tag-feminicidio","tag-marcha","tag-uv","wp-image-borders"],"amp_enabled":true,"_links":{"self":[{"href":"https:\/\/nvnoticias.mx\/index.php\/wp-json\/wp\/v2\/posts\/95225","targetHints":{"allow":["GET"]}}],"collection":[{"href":"https:\/\/nvnoticias.mx\/index.php\/wp-json\/wp\/v2\/posts"}],"about":[{"href":"https:\/\/nvnoticias.mx\/index.php\/wp-json\/wp\/v2\/types\/post"}],"author":[{"embeddable":true,"href":"https:\/\/nvnoticias.mx\/index.php\/wp-json\/wp\/v2\/users\/8"}],"replies":[{"embeddable":true,"href":"https:\/\/nvnoticias.mx\/index.php\/wp-json\/wp\/v2\/comments?post=95225"}],"version-history":[{"count":1,"href":"https:\/\/nvnoticias.mx\/index.php\/wp-json\/wp\/v2\/posts\/95225\/revisions"}],"predecessor-version":[{"id":95227,"href":"https:\/\/nvnoticias.mx\/index.php\/wp-json\/wp\/v2\/posts\/95225\/revisions\/95227"}],"wp:featuredmedia":[{"embeddable":true,"href":"https:\/\/nvnoticias.mx\/index.php\/wp-json\/wp\/v2\/media\/95226"}],"wp:attachment":[{"href":"https:\/\/nvnoticias.mx\/index.php\/wp-json\/wp\/v2\/media?parent=95225"}],"wp:term":[{"taxonomy":"category","embeddable":true,"href":"https:\/\/nvnoticias.mx\/index.php\/wp-json\/wp\/v2\/categories?post=95225"},{"taxonomy":"post_tag","embeddable":true,"href":"https:\/\/nvnoticias.mx\/index.php\/wp-json\/wp\/v2\/tags?post=95225"}],"curies":[{"name":"wp","href":"https:\/\/api.w.org\/{rel}","templated":true}]}}